{"id":11174,"date":"2020-10-01T00:00:00","date_gmt":"2020-10-01T00:00:00","guid":{"rendered":"https:\/\/velo.riodigital.com.ar\/nuevas-tasas-de-salario-minimo-en-todo-el-territorio-nacional\/"},"modified":"2026-07-23T16:32:49","modified_gmt":"2026-07-23T16:32:49","slug":"nuevas-tasas-de-salario-minimo-en-todo-el-territorio-nacional","status":"publish","type":"post","link":"https:\/\/velo-legal.com\/en\/blog\/nuevas-tasas-de-salario-minimo-en-todo-el-territorio-nacional\/","title":{"rendered":"Nuevas tasas de salario m\u00ednimo en todo el territorio nacional"},"content":{"rendered":"<p>A trav\u00e9s del <a href=\"https:\/\/bbf3adb9-5ff7-446c-9f72-01b88d336e00.usrfiles.com\/ugd\/bbf3ad_8742ad60e89c49049138b3985373e0ab.pdf\">Decreto Ejecutivo No. 424 del 31 de diciembre de 2019<\/a>, se estableci\u00f3 las nuevas tasas de salario m\u00ednimo por hora, seg\u00fan la regi\u00f3n, actividad econ\u00f3mica, ocupaci\u00f3n y tama\u00f1o de las empresas, en todo el territorio nacional. Estas nuevas tasas de salario m\u00ednimo regir\u00e1n a partir del 15 de enero de 2020.<\/p><h2>\u00bfC\u00f3mo calcular el nuevo salario m\u00ednimo a pagar?<\/h2><ul style=\"--framer-text-color: rgba(1, 1, 1, 0.56); --framer-font-size: 16px; --framer-text-transform: none; --framer-text-stroke-width: 0px; --framer-text-alignment: start;\"><li data-preset-tag=\"p\" style=\"--framer-font-size: 16px;\"><p>Saber el nuevo salario por hora establecido en el Decreto Ejecutivo No. 424 que le es aplicable al tama\u00f1o y a la actividad econ\u00f3mica que realiza su empresa.<\/p><\/li><li data-preset-tag=\"p\" style=\"--framer-font-size: 16px;\"><p>Multiplicar el nuevo salario por hora por la cantidad de horas semanales que pudiesen ser de (40, 44 o 48 horas semanales) que el trabajador debe laborar.<\/p><\/li><li data-preset-tag=\"p\" style=\"--framer-font-size: 16px;\"><p>Ese resultado multiplicarlo por 4.3333 (que representa el promedio mensual de semanas trabajadas).<\/p><\/li><\/ul><p><em><strong>Veamos un ejemplo:<\/strong><\/em><\/p><p><em><strong>Un restaurante peque\u00f1o en la Ciudad de Panam\u00e1:<\/strong><\/em><\/p><p><em><strong>Para este caso el nuevo salario m\u00ednimo por hora es de B\/. 2.22<\/strong><\/em><\/p><p>El c\u00e1lculo seria de la siguiente manera:<\/p><p>Formula:<\/p><p>Salario por hora <strong>x<\/strong> horas semanales <strong>x<\/strong> promedio mensual de semanas <strong>=<\/strong> Salario bruto<\/p><p>E.j: 2.22 x 44 x 4.3333= 423.28<\/p><h3>\u00bfC\u00f3mo queda el salario m\u00ednimo para el trabajador dom\u00e9stico?<\/h3><p>Para la regi\u00f3n 1 <em>(Panam\u00e1, Col\u00f3n, San Miguelito, La Chorrera, Arraij\u00e1n, Etc..)<\/em> el nuevo salario m\u00ednimo ser\u00e1 de $300.00 balboas mensuales.<\/p><p>Conozca las tarifas aplicables a su negocio y situaci\u00f3n particular de sus empleados, cons\u00faltenos. Recuerde que nuestro proceso es \u00e1gil, simple y transparente, somos Vel\u00f3 Legal, la primera firma NewLaw de Panam\u00e1.<\/p><p>Ver Decreto Ejecutivo: <a href=\"https:\/\/bbf3adb9-5ff7-446c-9f72-01b88d336e00.usrfiles.com\/ugd\/bbf3ad_8742ad60e89c49049138b3985373e0ab.pdf\">Click<\/a><\/p>","protected":false},"excerpt":{"rendered":"<p>A trav\u00e9s del Decreto Ejecutivo No.&hellip;<\/p>","protected":false},"author":1,"featured_media":11175,"comment_status":"open","ping_status":"open","sticky":false,"template":"","format":"standard","meta":{"footnotes":""},"categories":[82],"tags":[],"class_list":["post-11174","post","type-post","status-publish","format-standard","has-post-thumbnail","hentry","category-derecho-laboral"],"yoast_head":"<!-- This site is optimized with the Yoast SEO plugin v28.4 - https:\/\/yoast.com\/product\/yoast-seo-wordpress\/ -->\n<title>Nuevas tasas de salario m\u00ednimo en todo el territorio nacional - Velo Legal<\/title>\n<meta name=\"description\" content=\"A trav\u00e9s del Decreto Ejecutivo No. 424 del 31 de diciembre de 2019, se estableci\u00f3 las nuevas tasas de salario m\u00ednimo por hora, seg\u00fan la regi\u00f3n, actividad\" \/>\n<meta name=\"robots\" content=\"noindex, nofollow\" \/>\n<meta property=\"og:locale\" content=\"en_US\" \/>\n<meta property=\"og:type\" content=\"article\" \/>\n<meta property=\"og:title\" content=\"Nuevas tasas de salario m\u00ednimo en todo el territorio nacional - Velo Legal\" \/>\n<meta property=\"og:description\" content=\"A trav\u00e9s del Decreto Ejecutivo No. 424 del 31 de diciembre de 2019, se estableci\u00f3 las nuevas tasas de salario m\u00ednimo por hora, seg\u00fan la regi\u00f3n, actividad\" \/>\n<meta property=\"og:url\" content=\"https:\/\/velo-legal.com\/en\/blog\/nuevas-tasas-de-salario-minimo-en-todo-el-territorio-nacional\/\" \/>\n<meta property=\"og:site_name\" content=\"Velo Legal\" \/>\n<meta property=\"article:published_time\" content=\"2020-10-01T00:00:00+00:00\" \/>\n<meta property=\"article:modified_time\" content=\"2026-07-23T16:32:49+00:00\" \/>\n<meta property=\"og:image\" content=\"https:\/\/velo-legal.com\/wp-content\/uploads\/2026\/01\/HQeiKQWDbOxKmEwoN76M4maWvuk.png\" \/>\n\t<meta property=\"og:image:width\" content=\"1920\" \/>\n\t<meta property=\"og:image:height\" content=\"1080\" \/>\n\t<meta property=\"og:image:type\" content=\"image\/png\" \/>\n<meta name=\"author\" content=\"gonzalo\" \/>\n<meta name=\"twitter:card\" content=\"summary_large_image\" \/>\n<meta name=\"twitter:label1\" content=\"Written by\" \/>\n\t<meta name=\"twitter:data1\" content=\"gonzalo\" \/>\n\t<meta name=\"twitter:label2\" content=\"Est. reading time\" \/>\n\t<meta name=\"twitter:data2\" content=\"2 minutes\" \/>\n<script type=\"application\/ld+json\" class=\"yoast-schema-graph\">{\"@context\":\"https:\\\/\\\/schema.org\",\"@graph\":[{\"@type\":\"Article\",\"@id\":\"https:\\\/\\\/velo-legal.com\\\/en\\\/blog\\\/nuevas-tasas-de-salario-minimo-en-todo-el-territorio-nacional\\\/#article\",\"isPartOf\":{\"@id\":\"https:\\\/\\\/velo-legal.com\\\/en\\\/blog\\\/nuevas-tasas-de-salario-minimo-en-todo-el-territorio-nacional\\\/\"},\"author\":{\"name\":\"gonzalo\",\"@id\":\"https:\\\/\\\/velo-legal.com\\\/#\\\/schema\\\/person\\\/1cda78a69446bdb299acd3f1cdbb9aa2\"},\"headline\":\"Nuevas tasas de salario m\u00ednimo en todo el territorio nacional\",\"datePublished\":\"2020-10-01T00:00:00+00:00\",\"dateModified\":\"2026-07-23T16:32:49+00:00\",\"mainEntityOfPage\":{\"@id\":\"https:\\\/\\\/velo-legal.com\\\/en\\\/blog\\\/nuevas-tasas-de-salario-minimo-en-todo-el-territorio-nacional\\\/\"},\"wordCount\":268,\"commentCount\":0,\"publisher\":{\"@id\":\"https:\\\/\\\/velo-legal.com\\\/#organization\"},\"image\":{\"@id\":\"https:\\\/\\\/velo-legal.com\\\/en\\\/blog\\\/nuevas-tasas-de-salario-minimo-en-todo-el-territorio-nacional\\\/#primaryimage\"},\"thumbnailUrl\":\"https:\\\/\\\/velo-legal.com\\\/wp-content\\\/uploads\\\/2026\\\/01\\\/HQeiKQWDbOxKmEwoN76M4maWvuk.png\",\"articleSection\":[\"Derecho Laboral\"],\"inLanguage\":\"en-US\",\"potentialAction\":[{\"@type\":\"CommentAction\",\"name\":\"Comment\",\"target\":[\"https:\\\/\\\/velo-legal.com\\\/en\\\/blog\\\/nuevas-tasas-de-salario-minimo-en-todo-el-territorio-nacional\\\/#respond\"]}]},{\"@type\":\"WebPage\",\"@id\":\"https:\\\/\\\/velo-legal.com\\\/en\\\/blog\\\/nuevas-tasas-de-salario-minimo-en-todo-el-territorio-nacional\\\/\",\"url\":\"https:\\\/\\\/velo-legal.com\\\/en\\\/blog\\\/nuevas-tasas-de-salario-minimo-en-todo-el-territorio-nacional\\\/\",\"name\":\"Nuevas tasas de salario m\u00ednimo en todo el territorio nacional - Velo Legal\",\"isPartOf\":{\"@id\":\"https:\\\/\\\/velo-legal.com\\\/#website\"},\"primaryImageOfPage\":{\"@id\":\"https:\\\/\\\/velo-legal.com\\\/en\\\/blog\\\/nuevas-tasas-de-salario-minimo-en-todo-el-territorio-nacional\\\/#primaryimage\"},\"image\":{\"@id\":\"https:\\\/\\\/velo-legal.com\\\/en\\\/blog\\\/nuevas-tasas-de-salario-minimo-en-todo-el-territorio-nacional\\\/#primaryimage\"},\"thumbnailUrl\":\"https:\\\/\\\/velo-legal.com\\\/wp-content\\\/uploads\\\/2026\\\/01\\\/HQeiKQWDbOxKmEwoN76M4maWvuk.png\",\"datePublished\":\"2020-10-01T00:00:00+00:00\",\"dateModified\":\"2026-07-23T16:32:49+00:00\",\"description\":\"A trav\u00e9s del Decreto Ejecutivo No. 424 del 31 de diciembre de 2019, se estableci\u00f3 las nuevas tasas de salario m\u00ednimo por hora, seg\u00fan la regi\u00f3n, actividad\",\"breadcrumb\":{\"@id\":\"https:\\\/\\\/velo-legal.com\\\/en\\\/blog\\\/nuevas-tasas-de-salario-minimo-en-todo-el-territorio-nacional\\\/#breadcrumb\"},\"inLanguage\":\"en-US\",\"potentialAction\":[{\"@type\":\"ReadAction\",\"target\":[\"https:\\\/\\\/velo-legal.com\\\/en\\\/blog\\\/nuevas-tasas-de-salario-minimo-en-todo-el-territorio-nacional\\\/\"]}]},{\"@type\":\"ImageObject\",\"inLanguage\":\"en-US\",\"@id\":\"https:\\\/\\\/velo-legal.com\\\/en\\\/blog\\\/nuevas-tasas-de-salario-minimo-en-todo-el-territorio-nacional\\\/#primaryimage\",\"url\":\"https:\\\/\\\/velo-legal.com\\\/wp-content\\\/uploads\\\/2026\\\/01\\\/HQeiKQWDbOxKmEwoN76M4maWvuk.png\",\"contentUrl\":\"https:\\\/\\\/velo-legal.com\\\/wp-content\\\/uploads\\\/2026\\\/01\\\/HQeiKQWDbOxKmEwoN76M4maWvuk.png\",\"width\":1920,\"height\":1080},{\"@type\":\"BreadcrumbList\",\"@id\":\"https:\\\/\\\/velo-legal.com\\\/en\\\/blog\\\/nuevas-tasas-de-salario-minimo-en-todo-el-territorio-nacional\\\/#breadcrumb\",\"itemListElement\":[{\"@type\":\"ListItem\",\"position\":1,\"name\":\"Portada\",\"item\":\"https:\\\/\\\/velo-legal.com\\\/\"},{\"@type\":\"ListItem\",\"position\":2,\"name\":\"Nuevas tasas de salario m\u00ednimo en todo el territorio nacional\"}]},{\"@type\":\"WebSite\",\"@id\":\"https:\\\/\\\/velo-legal.com\\\/#website\",\"url\":\"https:\\\/\\\/velo-legal.com\\\/\",\"name\":\"Velo Legal\",\"description\":\"Abogados\",\"publisher\":{\"@id\":\"https:\\\/\\\/velo-legal.com\\\/#organization\"},\"potentialAction\":[{\"@type\":\"SearchAction\",\"target\":{\"@type\":\"EntryPoint\",\"urlTemplate\":\"https:\\\/\\\/velo-legal.com\\\/?s={search_term_string}\"},\"query-input\":{\"@type\":\"PropertyValueSpecification\",\"valueRequired\":true,\"valueName\":\"search_term_string\"}}],\"inLanguage\":\"en-US\"},{\"@type\":\"Organization\",\"@id\":\"https:\\\/\\\/velo-legal.com\\\/#organization\",\"name\":\"%%sitename%%\",\"url\":\"https:\\\/\\\/velo-legal.com\\\/\",\"logo\":{\"@type\":\"ImageObject\",\"inLanguage\":\"en-US\",\"@id\":\"https:\\\/\\\/velo-legal.com\\\/#\\\/schema\\\/logo\\\/image\\\/\",\"url\":\"https:\\\/\\\/velo-legal.com\\\/wp-content\\\/uploads\\\/2025\\\/11\\\/cropped-Velo_Logotipo3_rgb-1.png\",\"contentUrl\":\"https:\\\/\\\/velo-legal.com\\\/wp-content\\\/uploads\\\/2025\\\/11\\\/cropped-Velo_Logotipo3_rgb-1.png\",\"width\":512,\"height\":512,\"caption\":\"%%sitename%%\"},\"image\":{\"@id\":\"https:\\\/\\\/velo-legal.com\\\/#\\\/schema\\\/logo\\\/image\\\/\"}},{\"@type\":\"Person\",\"@id\":\"https:\\\/\\\/velo-legal.com\\\/#\\\/schema\\\/person\\\/1cda78a69446bdb299acd3f1cdbb9aa2\",\"name\":\"gonzalo\",\"image\":{\"@type\":\"ImageObject\",\"inLanguage\":\"en-US\",\"@id\":\"https:\\\/\\\/secure.gravatar.com\\\/avatar\\\/54d3209800fe97a1e5c0b6f2947cd8e593a90be9e5c8f3c352990af0c67c6c7d?s=96&d=mm&r=g\",\"url\":\"https:\\\/\\\/secure.gravatar.com\\\/avatar\\\/54d3209800fe97a1e5c0b6f2947cd8e593a90be9e5c8f3c352990af0c67c6c7d?s=96&d=mm&r=g\",\"contentUrl\":\"https:\\\/\\\/secure.gravatar.com\\\/avatar\\\/54d3209800fe97a1e5c0b6f2947cd8e593a90be9e5c8f3c352990af0c67c6c7d?s=96&d=mm&r=g\",\"caption\":\"gonzalo\"},\"sameAs\":[\"https:\\\/\\\/velo-legal.com\"],\"url\":\"https:\\\/\\\/velo-legal.com\\\/en\\\/blog\\\/author\\\/gonzalo\\\/\"}]}<\/script>\n<!-- \/ Yoast SEO plugin. -->","yoast_head_json":{"title":"Nuevas tasas de salario m\u00ednimo en todo el territorio nacional - Velo Legal","description":"A trav\u00e9s del Decreto Ejecutivo No. 424 del 31 de diciembre de 2019, se estableci\u00f3 las nuevas tasas de salario m\u00ednimo por hora, seg\u00fan la regi\u00f3n, actividad","robots":{"index":"noindex","follow":"nofollow"},"og_locale":"en_US","og_type":"article","og_title":"Nuevas tasas de salario m\u00ednimo en todo el territorio nacional - Velo Legal","og_description":"A trav\u00e9s del Decreto Ejecutivo No. 424 del 31 de diciembre de 2019, se estableci\u00f3 las nuevas tasas de salario m\u00ednimo por hora, seg\u00fan la regi\u00f3n, actividad","og_url":"https:\/\/velo-legal.com\/en\/blog\/nuevas-tasas-de-salario-minimo-en-todo-el-territorio-nacional\/","og_site_name":"Velo Legal","article_published_time":"2020-10-01T00:00:00+00:00","article_modified_time":"2026-07-23T16:32:49+00:00","og_image":[{"width":1920,"height":1080,"url":"https:\/\/velo-legal.com\/wp-content\/uploads\/2026\/01\/HQeiKQWDbOxKmEwoN76M4maWvuk.png","type":"image\/png"}],"author":"gonzalo","twitter_card":"summary_large_image","twitter_misc":{"Written by":"gonzalo","Est. reading time":"2 minutes"},"schema":{"@context":"https:\/\/schema.org","@graph":[{"@type":"Article","@id":"https:\/\/velo-legal.com\/en\/blog\/nuevas-tasas-de-salario-minimo-en-todo-el-territorio-nacional\/#article","isPartOf":{"@id":"https:\/\/velo-legal.com\/en\/blog\/nuevas-tasas-de-salario-minimo-en-todo-el-territorio-nacional\/"},"author":{"name":"gonzalo","@id":"https:\/\/velo-legal.com\/#\/schema\/person\/1cda78a69446bdb299acd3f1cdbb9aa2"},"headline":"Nuevas tasas de salario m\u00ednimo en todo el territorio nacional","datePublished":"2020-10-01T00:00:00+00:00","dateModified":"2026-07-23T16:32:49+00:00","mainEntityOfPage":{"@id":"https:\/\/velo-legal.com\/en\/blog\/nuevas-tasas-de-salario-minimo-en-todo-el-territorio-nacional\/"},"wordCount":268,"commentCount":0,"publisher":{"@id":"https:\/\/velo-legal.com\/#organization"},"image":{"@id":"https:\/\/velo-legal.com\/en\/blog\/nuevas-tasas-de-salario-minimo-en-todo-el-territorio-nacional\/#primaryimage"},"thumbnailUrl":"https:\/\/velo-legal.com\/wp-content\/uploads\/2026\/01\/HQeiKQWDbOxKmEwoN76M4maWvuk.png","articleSection":["Derecho Laboral"],"inLanguage":"en-US","potentialAction":[{"@type":"CommentAction","name":"Comment","target":["https:\/\/velo-legal.com\/en\/blog\/nuevas-tasas-de-salario-minimo-en-todo-el-territorio-nacional\/#respond"]}]},{"@type":"WebPage","@id":"https:\/\/velo-legal.com\/en\/blog\/nuevas-tasas-de-salario-minimo-en-todo-el-territorio-nacional\/","url":"https:\/\/velo-legal.com\/en\/blog\/nuevas-tasas-de-salario-minimo-en-todo-el-territorio-nacional\/","name":"Nuevas tasas de salario m\u00ednimo en todo el territorio nacional - Velo Legal","isPartOf":{"@id":"https:\/\/velo-legal.com\/#website"},"primaryImageOfPage":{"@id":"https:\/\/velo-legal.com\/en\/blog\/nuevas-tasas-de-salario-minimo-en-todo-el-territorio-nacional\/#primaryimage"},"image":{"@id":"https:\/\/velo-legal.com\/en\/blog\/nuevas-tasas-de-salario-minimo-en-todo-el-territorio-nacional\/#primaryimage"},"thumbnailUrl":"https:\/\/velo-legal.com\/wp-content\/uploads\/2026\/01\/HQeiKQWDbOxKmEwoN76M4maWvuk.png","datePublished":"2020-10-01T00:00:00+00:00","dateModified":"2026-07-23T16:32:49+00:00","description":"A trav\u00e9s del Decreto Ejecutivo No. 424 del 31 de diciembre de 2019, se estableci\u00f3 las nuevas tasas de salario m\u00ednimo por hora, seg\u00fan la regi\u00f3n, actividad","breadcrumb":{"@id":"https:\/\/velo-legal.com\/en\/blog\/nuevas-tasas-de-salario-minimo-en-todo-el-territorio-nacional\/#breadcrumb"},"inLanguage":"en-US","potentialAction":[{"@type":"ReadAction","target":["https:\/\/velo-legal.com\/en\/blog\/nuevas-tasas-de-salario-minimo-en-todo-el-territorio-nacional\/"]}]},{"@type":"ImageObject","inLanguage":"en-US","@id":"https:\/\/velo-legal.com\/en\/blog\/nuevas-tasas-de-salario-minimo-en-todo-el-territorio-nacional\/#primaryimage","url":"https:\/\/velo-legal.com\/wp-content\/uploads\/2026\/01\/HQeiKQWDbOxKmEwoN76M4maWvuk.png","contentUrl":"https:\/\/velo-legal.com\/wp-content\/uploads\/2026\/01\/HQeiKQWDbOxKmEwoN76M4maWvuk.png","width":1920,"height":1080},{"@type":"BreadcrumbList","@id":"https:\/\/velo-legal.com\/en\/blog\/nuevas-tasas-de-salario-minimo-en-todo-el-territorio-nacional\/#breadcrumb","itemListElement":[{"@type":"ListItem","position":1,"name":"Portada","item":"https:\/\/velo-legal.com\/"},{"@type":"ListItem","position":2,"name":"Nuevas tasas de salario m\u00ednimo en todo el territorio nacional"}]},{"@type":"WebSite","@id":"https:\/\/velo-legal.com\/#website","url":"https:\/\/velo-legal.com\/","name":"Velo Legal","description":"Abogados","publisher":{"@id":"https:\/\/velo-legal.com\/#organization"},"potentialAction":[{"@type":"SearchAction","target":{"@type":"EntryPoint","urlTemplate":"https:\/\/velo-legal.com\/?s={search_term_string}"},"query-input":{"@type":"PropertyValueSpecification","valueRequired":true,"valueName":"search_term_string"}}],"inLanguage":"en-US"},{"@type":"Organization","@id":"https:\/\/velo-legal.com\/#organization","name":"%%sitename%%","url":"https:\/\/velo-legal.com\/","logo":{"@type":"ImageObject","inLanguage":"en-US","@id":"https:\/\/velo-legal.com\/#\/schema\/logo\/image\/","url":"https:\/\/velo-legal.com\/wp-content\/uploads\/2025\/11\/cropped-Velo_Logotipo3_rgb-1.png","contentUrl":"https:\/\/velo-legal.com\/wp-content\/uploads\/2025\/11\/cropped-Velo_Logotipo3_rgb-1.png","width":512,"height":512,"caption":"%%sitename%%"},"image":{"@id":"https:\/\/velo-legal.com\/#\/schema\/logo\/image\/"}},{"@type":"Person","@id":"https:\/\/velo-legal.com\/#\/schema\/person\/1cda78a69446bdb299acd3f1cdbb9aa2","name":"gonzalo","image":{"@type":"ImageObject","inLanguage":"en-US","@id":"https:\/\/secure.gravatar.com\/avatar\/54d3209800fe97a1e5c0b6f2947cd8e593a90be9e5c8f3c352990af0c67c6c7d?s=96&d=mm&r=g","url":"https:\/\/secure.gravatar.com\/avatar\/54d3209800fe97a1e5c0b6f2947cd8e593a90be9e5c8f3c352990af0c67c6c7d?s=96&d=mm&r=g","contentUrl":"https:\/\/secure.gravatar.com\/avatar\/54d3209800fe97a1e5c0b6f2947cd8e593a90be9e5c8f3c352990af0c67c6c7d?s=96&d=mm&r=g","caption":"gonzalo"},"sameAs":["https:\/\/velo-legal.com"],"url":"https:\/\/velo-legal.com\/en\/blog\/author\/gonzalo\/"}]}},"_links":{"self":[{"href":"https:\/\/velo-legal.com\/en\/wp-json\/wp\/v2\/posts\/11174","targetHints":{"allow":["GET"]}}],"collection":[{"href":"https:\/\/velo-legal.com\/en\/wp-json\/wp\/v2\/posts"}],"about":[{"href":"https:\/\/velo-legal.com\/en\/wp-json\/wp\/v2\/types\/post"}],"author":[{"embeddable":true,"href":"https:\/\/velo-legal.com\/en\/wp-json\/wp\/v2\/users\/1"}],"replies":[{"embeddable":true,"href":"https:\/\/velo-legal.com\/en\/wp-json\/wp\/v2\/comments?post=11174"}],"version-history":[{"count":1,"href":"https:\/\/velo-legal.com\/en\/wp-json\/wp\/v2\/posts\/11174\/revisions"}],"predecessor-version":[{"id":12247,"href":"https:\/\/velo-legal.com\/en\/wp-json\/wp\/v2\/posts\/11174\/revisions\/12247"}],"wp:featuredmedia":[{"embeddable":true,"href":"https:\/\/velo-legal.com\/en\/wp-json\/wp\/v2\/media\/11175"}],"wp:attachment":[{"href":"https:\/\/velo-legal.com\/en\/wp-json\/wp\/v2\/media?parent=11174"}],"wp:term":[{"taxonomy":"category","embeddable":true,"href":"https:\/\/velo-legal.com\/en\/wp-json\/wp\/v2\/categories?post=11174"},{"taxonomy":"post_tag","embeddable":true,"href":"https:\/\/velo-legal.com\/en\/wp-json\/wp\/v2\/tags?post=11174"}],"curies":[{"name":"wp","href":"https:\/\/api.w.org\/{rel}","templated":true}]}}