{"id":11172,"date":"2020-07-04T00:00:00","date_gmt":"2020-07-04T00:00:00","guid":{"rendered":"https:\/\/velo.riodigital.com.ar\/modelo-nota-de-certificacion-para-circular-panama-covid-19\/"},"modified":"2026-07-24T12:58:52","modified_gmt":"2026-07-24T12:58:52","slug":"modelo-nota-de-certificacion-para-circular-panama-covid-19","status":"publish","type":"post","link":"https:\/\/velo-legal.com\/en\/blog\/modelo-nota-de-certificacion-para-circular-panama-covid-19\/","title":{"rendered":"Modelo nota de certificaci\u00f3n para circular Panam\u00e1"},"content":{"rendered":"<p>En el siguiente enlace encontrar\u00e1 nuestro aporte ante esta situaci\u00f3n tan cr\u00edtica para las empresas, el <strong>modelo de certificaci\u00f3n para circular ante el Decreto 500 del 19 de marzo de 2020. <\/strong>El mismo es una referencia que debe ajustar a su situaci\u00f3n particular.<\/p><p><a href=\"https:\/\/drive.google.com\/drive\/folders\/1vHWwzueMRDEEzwGsh9Dqn2jNBw3a1Ccs?usp=sharing\" target=\"_blank\"><strong>Descargar Modelo \u2013 Click<\/strong><\/a><\/p><h2>Al margen ver\u00e1 las notas con las indicaciones<\/h2><p>Al completarlo solo debe ir a la pesta\u00f1a de \u00abrevisar\u00bb, seleccionar \u00abcomentarios\u00bb y luego la opci\u00f3n \u00abeliminar todos los comentarios del documento\u00bb y quedar\u00e1 listo para imprimir; o bien puede copiar y pegar en otro documento.<\/p><p>De igual manera, de asi preferirlo compartimos el enlace para gestionar el salvoconducto en la p\u00e1gina de la Autoridad de Innovaci\u00f3n Gubernamental (AIG)- <a href=\"https:\/\/salvoconducto.innovacion.gob.pa\/salvoconducto\/control_login\/\">https:\/\/salvoconducto.innovacion.gob.pa\/salvoconducto\/control_login\/<\/a><\/p><p>En Vel\u00f3 Legal estamos para servirle, no dude en contactar con cualquier miembro de nuestro equipo, estamos aqu\u00ed para usted \u2013 info@velo-legal.com<\/p>","protected":false},"excerpt":{"rendered":"<p>En el siguiente enlace encontrar\u00e1 nuestro&hellip;<\/p>","protected":false},"author":1,"featured_media":11173,"comment_status":"open","ping_status":"open","sticky":false,"template":"","format":"standard","meta":{"footnotes":""},"categories":[83],"tags":[],"class_list":["post-11172","post","type-post","status-publish","format-standard","has-post-thumbnail","hentry","category-derecho-sanitario"],"yoast_head":"<!-- This site is optimized with the Yoast SEO plugin v28.4 - https:\/\/yoast.com\/product\/yoast-seo-wordpress\/ -->\n<title>Modelo nota de certificaci\u00f3n para circular Panam\u00e1 - Velo Legal<\/title>\n<meta name=\"description\" content=\"En el siguiente enlace encontrar\u00e1 nuestro aporte ante esta situaci\u00f3n tan cr\u00edtica para las empresas, el modelo de certificaci\u00f3n para circular ante el\" \/>\n<meta name=\"robots\" content=\"noindex, nofollow\" \/>\n<meta property=\"og:locale\" content=\"en_US\" \/>\n<meta property=\"og:type\" content=\"article\" \/>\n<meta property=\"og:title\" content=\"Modelo nota de certificaci\u00f3n para circular Panam\u00e1 - Velo Legal\" \/>\n<meta property=\"og:description\" content=\"En el siguiente enlace encontrar\u00e1 nuestro aporte ante esta situaci\u00f3n tan cr\u00edtica para las empresas, el modelo de certificaci\u00f3n para circular ante el\" \/>\n<meta property=\"og:url\" content=\"https:\/\/velo-legal.com\/en\/blog\/modelo-nota-de-certificacion-para-circular-panama-covid-19\/\" \/>\n<meta property=\"og:site_name\" content=\"Velo Legal\" \/>\n<meta property=\"article:published_time\" content=\"2020-07-04T00:00:00+00:00\" \/>\n<meta property=\"article:modified_time\" content=\"2026-07-24T12:58:52+00:00\" \/>\n<meta property=\"og:image\" content=\"https:\/\/velo-legal.com\/wp-content\/uploads\/2026\/01\/r66Q8N8EmvZkmRdGuCPVHwUgjg.jpg\" \/>\n\t<meta property=\"og:image:width\" content=\"922\" \/>\n\t<meta property=\"og:image:height\" content=\"518\" \/>\n\t<meta property=\"og:image:type\" content=\"image\/jpeg\" \/>\n<meta name=\"author\" content=\"gonzalo\" \/>\n<meta name=\"twitter:card\" content=\"summary_large_image\" \/>\n<meta name=\"twitter:label1\" content=\"Written by\" \/>\n\t<meta name=\"twitter:data1\" content=\"gonzalo\" \/>\n\t<meta name=\"twitter:label2\" content=\"Est. reading time\" \/>\n\t<meta name=\"twitter:data2\" content=\"1 minute\" \/>\n<script type=\"application\/ld+json\" class=\"yoast-schema-graph\">{\"@context\":\"https:\\\/\\\/schema.org\",\"@graph\":[{\"@type\":\"Article\",\"@id\":\"https:\\\/\\\/velo-legal.com\\\/en\\\/blog\\\/modelo-nota-de-certificacion-para-circular-panama-covid-19\\\/#article\",\"isPartOf\":{\"@id\":\"https:\\\/\\\/velo-legal.com\\\/en\\\/blog\\\/modelo-nota-de-certificacion-para-circular-panama-covid-19\\\/\"},\"author\":{\"name\":\"gonzalo\",\"@id\":\"https:\\\/\\\/velo-legal.com\\\/#\\\/schema\\\/person\\\/1cda78a69446bdb299acd3f1cdbb9aa2\"},\"headline\":\"Modelo nota de certificaci\u00f3n para circular Panam\u00e1\",\"datePublished\":\"2020-07-04T00:00:00+00:00\",\"dateModified\":\"2026-07-24T12:58:52+00:00\",\"mainEntityOfPage\":{\"@id\":\"https:\\\/\\\/velo-legal.com\\\/en\\\/blog\\\/modelo-nota-de-certificacion-para-circular-panama-covid-19\\\/\"},\"wordCount\":158,\"commentCount\":0,\"publisher\":{\"@id\":\"https:\\\/\\\/velo-legal.com\\\/#organization\"},\"image\":{\"@id\":\"https:\\\/\\\/velo-legal.com\\\/en\\\/blog\\\/modelo-nota-de-certificacion-para-circular-panama-covid-19\\\/#primaryimage\"},\"thumbnailUrl\":\"https:\\\/\\\/velo-legal.com\\\/wp-content\\\/uploads\\\/2026\\\/01\\\/r66Q8N8EmvZkmRdGuCPVHwUgjg.jpg\",\"articleSection\":[\"Derecho Sanitario\"],\"inLanguage\":\"en-US\",\"potentialAction\":[{\"@type\":\"CommentAction\",\"name\":\"Comment\",\"target\":[\"https:\\\/\\\/velo-legal.com\\\/en\\\/blog\\\/modelo-nota-de-certificacion-para-circular-panama-covid-19\\\/#respond\"]}]},{\"@type\":\"WebPage\",\"@id\":\"https:\\\/\\\/velo-legal.com\\\/en\\\/blog\\\/modelo-nota-de-certificacion-para-circular-panama-covid-19\\\/\",\"url\":\"https:\\\/\\\/velo-legal.com\\\/en\\\/blog\\\/modelo-nota-de-certificacion-para-circular-panama-covid-19\\\/\",\"name\":\"Modelo nota de certificaci\u00f3n para circular Panam\u00e1 - Velo Legal\",\"isPartOf\":{\"@id\":\"https:\\\/\\\/velo-legal.com\\\/#website\"},\"primaryImageOfPage\":{\"@id\":\"https:\\\/\\\/velo-legal.com\\\/en\\\/blog\\\/modelo-nota-de-certificacion-para-circular-panama-covid-19\\\/#primaryimage\"},\"image\":{\"@id\":\"https:\\\/\\\/velo-legal.com\\\/en\\\/blog\\\/modelo-nota-de-certificacion-para-circular-panama-covid-19\\\/#primaryimage\"},\"thumbnailUrl\":\"https:\\\/\\\/velo-legal.com\\\/wp-content\\\/uploads\\\/2026\\\/01\\\/r66Q8N8EmvZkmRdGuCPVHwUgjg.jpg\",\"datePublished\":\"2020-07-04T00:00:00+00:00\",\"dateModified\":\"2026-07-24T12:58:52+00:00\",\"description\":\"En el siguiente enlace encontrar\u00e1 nuestro aporte ante esta situaci\u00f3n tan cr\u00edtica para las empresas, el modelo de certificaci\u00f3n para circular ante el\",\"breadcrumb\":{\"@id\":\"https:\\\/\\\/velo-legal.com\\\/en\\\/blog\\\/modelo-nota-de-certificacion-para-circular-panama-covid-19\\\/#breadcrumb\"},\"inLanguage\":\"en-US\",\"potentialAction\":[{\"@type\":\"ReadAction\",\"target\":[\"https:\\\/\\\/velo-legal.com\\\/en\\\/blog\\\/modelo-nota-de-certificacion-para-circular-panama-covid-19\\\/\"]}]},{\"@type\":\"ImageObject\",\"inLanguage\":\"en-US\",\"@id\":\"https:\\\/\\\/velo-legal.com\\\/en\\\/blog\\\/modelo-nota-de-certificacion-para-circular-panama-covid-19\\\/#primaryimage\",\"url\":\"https:\\\/\\\/velo-legal.com\\\/wp-content\\\/uploads\\\/2026\\\/01\\\/r66Q8N8EmvZkmRdGuCPVHwUgjg.jpg\",\"contentUrl\":\"https:\\\/\\\/velo-legal.com\\\/wp-content\\\/uploads\\\/2026\\\/01\\\/r66Q8N8EmvZkmRdGuCPVHwUgjg.jpg\",\"width\":922,\"height\":518},{\"@type\":\"BreadcrumbList\",\"@id\":\"https:\\\/\\\/velo-legal.com\\\/en\\\/blog\\\/modelo-nota-de-certificacion-para-circular-panama-covid-19\\\/#breadcrumb\",\"itemListElement\":[{\"@type\":\"ListItem\",\"position\":1,\"name\":\"Portada\",\"item\":\"https:\\\/\\\/velo-legal.com\\\/\"},{\"@type\":\"ListItem\",\"position\":2,\"name\":\"Modelo nota de certificaci\u00f3n para circular Panam\u00e1\"}]},{\"@type\":\"WebSite\",\"@id\":\"https:\\\/\\\/velo-legal.com\\\/#website\",\"url\":\"https:\\\/\\\/velo-legal.com\\\/\",\"name\":\"Velo Legal\",\"description\":\"Abogados\",\"publisher\":{\"@id\":\"https:\\\/\\\/velo-legal.com\\\/#organization\"},\"potentialAction\":[{\"@type\":\"SearchAction\",\"target\":{\"@type\":\"EntryPoint\",\"urlTemplate\":\"https:\\\/\\\/velo-legal.com\\\/?s={search_term_string}\"},\"query-input\":{\"@type\":\"PropertyValueSpecification\",\"valueRequired\":true,\"valueName\":\"search_term_string\"}}],\"inLanguage\":\"en-US\"},{\"@type\":\"Organization\",\"@id\":\"https:\\\/\\\/velo-legal.com\\\/#organization\",\"name\":\"%%sitename%%\",\"url\":\"https:\\\/\\\/velo-legal.com\\\/\",\"logo\":{\"@type\":\"ImageObject\",\"inLanguage\":\"en-US\",\"@id\":\"https:\\\/\\\/velo-legal.com\\\/#\\\/schema\\\/logo\\\/image\\\/\",\"url\":\"https:\\\/\\\/velo-legal.com\\\/wp-content\\\/uploads\\\/2025\\\/11\\\/cropped-Velo_Logotipo3_rgb-1.png\",\"contentUrl\":\"https:\\\/\\\/velo-legal.com\\\/wp-content\\\/uploads\\\/2025\\\/11\\\/cropped-Velo_Logotipo3_rgb-1.png\",\"width\":512,\"height\":512,\"caption\":\"%%sitename%%\"},\"image\":{\"@id\":\"https:\\\/\\\/velo-legal.com\\\/#\\\/schema\\\/logo\\\/image\\\/\"}},{\"@type\":\"Person\",\"@id\":\"https:\\\/\\\/velo-legal.com\\\/#\\\/schema\\\/person\\\/1cda78a69446bdb299acd3f1cdbb9aa2\",\"name\":\"gonzalo\",\"image\":{\"@type\":\"ImageObject\",\"inLanguage\":\"en-US\",\"@id\":\"https:\\\/\\\/secure.gravatar.com\\\/avatar\\\/54d3209800fe97a1e5c0b6f2947cd8e593a90be9e5c8f3c352990af0c67c6c7d?s=96&d=mm&r=g\",\"url\":\"https:\\\/\\\/secure.gravatar.com\\\/avatar\\\/54d3209800fe97a1e5c0b6f2947cd8e593a90be9e5c8f3c352990af0c67c6c7d?s=96&d=mm&r=g\",\"contentUrl\":\"https:\\\/\\\/secure.gravatar.com\\\/avatar\\\/54d3209800fe97a1e5c0b6f2947cd8e593a90be9e5c8f3c352990af0c67c6c7d?s=96&d=mm&r=g\",\"caption\":\"gonzalo\"},\"sameAs\":[\"https:\\\/\\\/velo-legal.com\"],\"url\":\"https:\\\/\\\/velo-legal.com\\\/en\\\/blog\\\/author\\\/gonzalo\\\/\"}]}<\/script>\n<!-- \/ Yoast SEO plugin. -->","yoast_head_json":{"title":"Modelo nota de certificaci\u00f3n para circular Panam\u00e1 - Velo Legal","description":"En el siguiente enlace encontrar\u00e1 nuestro aporte ante esta situaci\u00f3n tan cr\u00edtica para las empresas, el modelo de certificaci\u00f3n para circular ante el","robots":{"index":"noindex","follow":"nofollow"},"og_locale":"en_US","og_type":"article","og_title":"Modelo nota de certificaci\u00f3n para circular Panam\u00e1 - Velo Legal","og_description":"En el siguiente enlace encontrar\u00e1 nuestro aporte ante esta situaci\u00f3n tan cr\u00edtica para las empresas, el modelo de certificaci\u00f3n para circular ante el","og_url":"https:\/\/velo-legal.com\/en\/blog\/modelo-nota-de-certificacion-para-circular-panama-covid-19\/","og_site_name":"Velo Legal","article_published_time":"2020-07-04T00:00:00+00:00","article_modified_time":"2026-07-24T12:58:52+00:00","og_image":[{"width":922,"height":518,"url":"https:\/\/velo-legal.com\/wp-content\/uploads\/2026\/01\/r66Q8N8EmvZkmRdGuCPVHwUgjg.jpg","type":"image\/jpeg"}],"author":"gonzalo","twitter_card":"summary_large_image","twitter_misc":{"Written by":"gonzalo","Est. reading time":"1 minute"},"schema":{"@context":"https:\/\/schema.org","@graph":[{"@type":"Article","@id":"https:\/\/velo-legal.com\/en\/blog\/modelo-nota-de-certificacion-para-circular-panama-covid-19\/#article","isPartOf":{"@id":"https:\/\/velo-legal.com\/en\/blog\/modelo-nota-de-certificacion-para-circular-panama-covid-19\/"},"author":{"name":"gonzalo","@id":"https:\/\/velo-legal.com\/#\/schema\/person\/1cda78a69446bdb299acd3f1cdbb9aa2"},"headline":"Modelo nota de certificaci\u00f3n para circular Panam\u00e1","datePublished":"2020-07-04T00:00:00+00:00","dateModified":"2026-07-24T12:58:52+00:00","mainEntityOfPage":{"@id":"https:\/\/velo-legal.com\/en\/blog\/modelo-nota-de-certificacion-para-circular-panama-covid-19\/"},"wordCount":158,"commentCount":0,"publisher":{"@id":"https:\/\/velo-legal.com\/#organization"},"image":{"@id":"https:\/\/velo-legal.com\/en\/blog\/modelo-nota-de-certificacion-para-circular-panama-covid-19\/#primaryimage"},"thumbnailUrl":"https:\/\/velo-legal.com\/wp-content\/uploads\/2026\/01\/r66Q8N8EmvZkmRdGuCPVHwUgjg.jpg","articleSection":["Derecho Sanitario"],"inLanguage":"en-US","potentialAction":[{"@type":"CommentAction","name":"Comment","target":["https:\/\/velo-legal.com\/en\/blog\/modelo-nota-de-certificacion-para-circular-panama-covid-19\/#respond"]}]},{"@type":"WebPage","@id":"https:\/\/velo-legal.com\/en\/blog\/modelo-nota-de-certificacion-para-circular-panama-covid-19\/","url":"https:\/\/velo-legal.com\/en\/blog\/modelo-nota-de-certificacion-para-circular-panama-covid-19\/","name":"Modelo nota de certificaci\u00f3n para circular Panam\u00e1 - Velo Legal","isPartOf":{"@id":"https:\/\/velo-legal.com\/#website"},"primaryImageOfPage":{"@id":"https:\/\/velo-legal.com\/en\/blog\/modelo-nota-de-certificacion-para-circular-panama-covid-19\/#primaryimage"},"image":{"@id":"https:\/\/velo-legal.com\/en\/blog\/modelo-nota-de-certificacion-para-circular-panama-covid-19\/#primaryimage"},"thumbnailUrl":"https:\/\/velo-legal.com\/wp-content\/uploads\/2026\/01\/r66Q8N8EmvZkmRdGuCPVHwUgjg.jpg","datePublished":"2020-07-04T00:00:00+00:00","dateModified":"2026-07-24T12:58:52+00:00","description":"En el siguiente enlace encontrar\u00e1 nuestro aporte ante esta situaci\u00f3n tan cr\u00edtica para las empresas, el modelo de certificaci\u00f3n para circular ante el","breadcrumb":{"@id":"https:\/\/velo-legal.com\/en\/blog\/modelo-nota-de-certificacion-para-circular-panama-covid-19\/#breadcrumb"},"inLanguage":"en-US","potentialAction":[{"@type":"ReadAction","target":["https:\/\/velo-legal.com\/en\/blog\/modelo-nota-de-certificacion-para-circular-panama-covid-19\/"]}]},{"@type":"ImageObject","inLanguage":"en-US","@id":"https:\/\/velo-legal.com\/en\/blog\/modelo-nota-de-certificacion-para-circular-panama-covid-19\/#primaryimage","url":"https:\/\/velo-legal.com\/wp-content\/uploads\/2026\/01\/r66Q8N8EmvZkmRdGuCPVHwUgjg.jpg","contentUrl":"https:\/\/velo-legal.com\/wp-content\/uploads\/2026\/01\/r66Q8N8EmvZkmRdGuCPVHwUgjg.jpg","width":922,"height":518},{"@type":"BreadcrumbList","@id":"https:\/\/velo-legal.com\/en\/blog\/modelo-nota-de-certificacion-para-circular-panama-covid-19\/#breadcrumb","itemListElement":[{"@type":"ListItem","position":1,"name":"Portada","item":"https:\/\/velo-legal.com\/"},{"@type":"ListItem","position":2,"name":"Modelo nota de certificaci\u00f3n para circular Panam\u00e1"}]},{"@type":"WebSite","@id":"https:\/\/velo-legal.com\/#website","url":"https:\/\/velo-legal.com\/","name":"Velo Legal","description":"Abogados","publisher":{"@id":"https:\/\/velo-legal.com\/#organization"},"potentialAction":[{"@type":"SearchAction","target":{"@type":"EntryPoint","urlTemplate":"https:\/\/velo-legal.com\/?s={search_term_string}"},"query-input":{"@type":"PropertyValueSpecification","valueRequired":true,"valueName":"search_term_string"}}],"inLanguage":"en-US"},{"@type":"Organization","@id":"https:\/\/velo-legal.com\/#organization","name":"%%sitename%%","url":"https:\/\/velo-legal.com\/","logo":{"@type":"ImageObject","inLanguage":"en-US","@id":"https:\/\/velo-legal.com\/#\/schema\/logo\/image\/","url":"https:\/\/velo-legal.com\/wp-content\/uploads\/2025\/11\/cropped-Velo_Logotipo3_rgb-1.png","contentUrl":"https:\/\/velo-legal.com\/wp-content\/uploads\/2025\/11\/cropped-Velo_Logotipo3_rgb-1.png","width":512,"height":512,"caption":"%%sitename%%"},"image":{"@id":"https:\/\/velo-legal.com\/#\/schema\/logo\/image\/"}},{"@type":"Person","@id":"https:\/\/velo-legal.com\/#\/schema\/person\/1cda78a69446bdb299acd3f1cdbb9aa2","name":"gonzalo","image":{"@type":"ImageObject","inLanguage":"en-US","@id":"https:\/\/secure.gravatar.com\/avatar\/54d3209800fe97a1e5c0b6f2947cd8e593a90be9e5c8f3c352990af0c67c6c7d?s=96&d=mm&r=g","url":"https:\/\/secure.gravatar.com\/avatar\/54d3209800fe97a1e5c0b6f2947cd8e593a90be9e5c8f3c352990af0c67c6c7d?s=96&d=mm&r=g","contentUrl":"https:\/\/secure.gravatar.com\/avatar\/54d3209800fe97a1e5c0b6f2947cd8e593a90be9e5c8f3c352990af0c67c6c7d?s=96&d=mm&r=g","caption":"gonzalo"},"sameAs":["https:\/\/velo-legal.com"],"url":"https:\/\/velo-legal.com\/en\/blog\/author\/gonzalo\/"}]}},"_links":{"self":[{"href":"https:\/\/velo-legal.com\/en\/wp-json\/wp\/v2\/posts\/11172","targetHints":{"allow":["GET"]}}],"collection":[{"href":"https:\/\/velo-legal.com\/en\/wp-json\/wp\/v2\/posts"}],"about":[{"href":"https:\/\/velo-legal.com\/en\/wp-json\/wp\/v2\/types\/post"}],"author":[{"embeddable":true,"href":"https:\/\/velo-legal.com\/en\/wp-json\/wp\/v2\/users\/1"}],"replies":[{"embeddable":true,"href":"https:\/\/velo-legal.com\/en\/wp-json\/wp\/v2\/comments?post=11172"}],"version-history":[{"count":1,"href":"https:\/\/velo-legal.com\/en\/wp-json\/wp\/v2\/posts\/11172\/revisions"}],"predecessor-version":[{"id":12254,"href":"https:\/\/velo-legal.com\/en\/wp-json\/wp\/v2\/posts\/11172\/revisions\/12254"}],"wp:featuredmedia":[{"embeddable":true,"href":"https:\/\/velo-legal.com\/en\/wp-json\/wp\/v2\/media\/11173"}],"wp:attachment":[{"href":"https:\/\/velo-legal.com\/en\/wp-json\/wp\/v2\/media?parent=11172"}],"wp:term":[{"taxonomy":"category","embeddable":true,"href":"https:\/\/velo-legal.com\/en\/wp-json\/wp\/v2\/categories?post=11172"},{"taxonomy":"post_tag","embeddable":true,"href":"https:\/\/velo-legal.com\/en\/wp-json\/wp\/v2\/tags?post=11172"}],"curies":[{"name":"wp","href":"https:\/\/api.w.org\/{rel}","templated":true}]}}