{"id":11151,"date":"2026-01-13T09:52:05","date_gmt":"2026-01-13T09:52:05","guid":{"rendered":"https:\/\/velo.riodigital.com.ar\/por-que-debo-registrar-mi-marca\/"},"modified":"2026-07-23T16:29:26","modified_gmt":"2026-07-23T16:29:26","slug":"por-que-debo-registrar-mi-marca","status":"publish","type":"post","link":"https:\/\/velo-legal.com\/en\/blog\/por-que-debo-registrar-mi-marca\/","title":{"rendered":"\u00bfPor qu\u00e9 debo registrar mi marca?"},"content":{"rendered":"<p>Si bien es cierto, no es obligatorio registrar tu&nbsp;marca,&nbsp;y por esta raz\u00f3n hay muchas personas que no lo hacen, al no registrar tu&nbsp;marca&nbsp;te estas exponiendo a diversos riesgos que probablemente no sabes que existen. Est\u00e1s dejando tu creaci\u00f3n y tu esfuerzo desprotegidos.<\/p><p>A medida que crece tu negocio, tambi\u00e9n lo hace tu reputaci\u00f3n y reconocimiento y es ah\u00ed donde los dem\u00e1s intentan aprovecharse de tu \u00e9xito. Quedas expuesto a que alguien m\u00e1s empiece a utilizar tu nombre,&nbsp;marca&nbsp;y\/o logo (o uno evidentemente similar), y es all\u00ed donde tus clientes se pueden confundir y empezar a consumir los productos de la persona que se est\u00e1 aprovechando. Peor a\u00fan, estos imitadores pudieran estar vendiendo un producto de menor calidad utilizando tu&nbsp;marca&nbsp;y nombre, da\u00f1ando el posicionamiento en el mercado que lograste con tanto esfuerzo.<\/p><p>Al registrar tu&nbsp;marca&nbsp;tienes las siguientes ventajas:<\/p><p>1) Derechos exclusivos para el uso de tu&nbsp;marca&nbsp;(la exclusividad s\u00f3lo viene a trav\u00e9s del registro).<\/p><p>2) Si alguien m\u00e1s intenta copiar o utilizar una&nbsp;marca&nbsp;parecida a la tuya puedes proceder legalmente contra quien infrinja tus derechos.<\/p><p>3) Las marcas registradas agregan valor a tu compa\u00f1\u00eda o emprendimiento, es de all\u00ed donde nace el t\u00e9rmino \u201cPropiedad Intelectual\u201d. Al tenerla registrada autom\u00e1ticamente se convierte en un bien que puedes: vender, licenciar, franquiciar, etc. Por lo que el registro no es un gasto sino m\u00e1s bien una inversi\u00f3n.<\/p><p>4) Una&nbsp;marca&nbsp;registrada aporta credibilidad al producto o servicio que ampara.<\/p><p>5) Tener una&nbsp;marca&nbsp;registrada facilita tomar acciones legales en contra de productos falsificados.<\/p><p>Nuestra recomendaci\u00f3n es siempre tener el registro de&nbsp;marca&nbsp;como prioridad al iniciar un negocio y\/o emprendimiento, de manera que tengas la seguridad que tu activo m\u00e1s valioso (tu creaci\u00f3n) est\u00e1 protegido. Para m\u00e1s informaci\u00f3n sobre registro de marcas escr\u00edbenos a <a href=\"mailto:hola@velo-legal.com\" target=\"_blank\">hola@velo-legal.com<\/a><\/p>","protected":false},"excerpt":{"rendered":"<p>Si bien es cierto, no es&hellip;<\/p>","protected":false},"author":1,"featured_media":11152,"comment_status":"open","ping_status":"open","sticky":false,"template":"","format":"standard","meta":{"footnotes":""},"categories":[78],"tags":[],"class_list":["post-11151","post","type-post","status-publish","format-standard","has-post-thumbnail","hentry","category-asesoria-legal-empresarial"],"yoast_head":"<!-- This site is optimized with the Yoast SEO plugin v28.4 - https:\/\/yoast.com\/product\/yoast-seo-wordpress\/ -->\n<title>\u00bfPor qu\u00e9 debo registrar mi marca? - Velo Legal<\/title>\n<meta name=\"description\" content=\"Si bien es cierto, no es obligatorio registrar tu&nbsp;marca,&nbsp;y por esta raz\u00f3n hay muchas personas que no lo hacen, al no registrar\" \/>\n<meta name=\"robots\" content=\"noindex, nofollow\" \/>\n<meta property=\"og:locale\" content=\"en_US\" \/>\n<meta property=\"og:type\" content=\"article\" \/>\n<meta property=\"og:title\" content=\"\u00bfPor qu\u00e9 debo registrar mi marca? - Velo Legal\" \/>\n<meta property=\"og:description\" content=\"Si bien es cierto, no es obligatorio registrar tu&nbsp;marca,&nbsp;y por esta raz\u00f3n hay muchas personas que no lo hacen, al no registrar\" \/>\n<meta property=\"og:url\" content=\"https:\/\/velo-legal.com\/en\/blog\/por-que-debo-registrar-mi-marca\/\" \/>\n<meta property=\"og:site_name\" content=\"Velo Legal\" \/>\n<meta property=\"article:published_time\" content=\"2026-01-13T09:52:05+00:00\" \/>\n<meta property=\"article:modified_time\" content=\"2026-07-23T16:29:26+00:00\" \/>\n<meta property=\"og:image\" content=\"https:\/\/velo-legal.com\/wp-content\/uploads\/2026\/01\/GuvmGHDYxOqUjc5SVlTMnqM0uo.jpg\" \/>\n\t<meta property=\"og:image:width\" content=\"2048\" \/>\n\t<meta property=\"og:image:height\" content=\"1405\" \/>\n\t<meta property=\"og:image:type\" content=\"image\/png\" \/>\n<meta name=\"author\" content=\"gonzalo\" \/>\n<meta name=\"twitter:card\" content=\"summary_large_image\" \/>\n<meta name=\"twitter:label1\" content=\"Written by\" \/>\n\t<meta name=\"twitter:data1\" content=\"gonzalo\" \/>\n\t<meta name=\"twitter:label2\" content=\"Est. reading time\" \/>\n\t<meta name=\"twitter:data2\" content=\"1 minute\" \/>\n<script type=\"application\/ld+json\" class=\"yoast-schema-graph\">{\"@context\":\"https:\\\/\\\/schema.org\",\"@graph\":[{\"@type\":\"Article\",\"@id\":\"https:\\\/\\\/velo-legal.com\\\/en\\\/blog\\\/por-que-debo-registrar-mi-marca\\\/#article\",\"isPartOf\":{\"@id\":\"https:\\\/\\\/velo-legal.com\\\/en\\\/blog\\\/por-que-debo-registrar-mi-marca\\\/\"},\"author\":{\"name\":\"gonzalo\",\"@id\":\"https:\\\/\\\/velo-legal.com\\\/#\\\/schema\\\/person\\\/1cda78a69446bdb299acd3f1cdbb9aa2\"},\"headline\":\"\u00bfPor qu\u00e9 debo registrar mi marca?\",\"datePublished\":\"2026-01-13T09:52:05+00:00\",\"dateModified\":\"2026-07-23T16:29:26+00:00\",\"mainEntityOfPage\":{\"@id\":\"https:\\\/\\\/velo-legal.com\\\/en\\\/blog\\\/por-que-debo-registrar-mi-marca\\\/\"},\"wordCount\":350,\"commentCount\":0,\"publisher\":{\"@id\":\"https:\\\/\\\/velo-legal.com\\\/#organization\"},\"image\":{\"@id\":\"https:\\\/\\\/velo-legal.com\\\/en\\\/blog\\\/por-que-debo-registrar-mi-marca\\\/#primaryimage\"},\"thumbnailUrl\":\"https:\\\/\\\/velo-legal.com\\\/wp-content\\\/uploads\\\/2026\\\/01\\\/GuvmGHDYxOqUjc5SVlTMnqM0uo.jpg\",\"articleSection\":[\"Asesoria Legal Empresarial\"],\"inLanguage\":\"en-US\",\"potentialAction\":[{\"@type\":\"CommentAction\",\"name\":\"Comment\",\"target\":[\"https:\\\/\\\/velo-legal.com\\\/en\\\/blog\\\/por-que-debo-registrar-mi-marca\\\/#respond\"]}]},{\"@type\":\"WebPage\",\"@id\":\"https:\\\/\\\/velo-legal.com\\\/en\\\/blog\\\/por-que-debo-registrar-mi-marca\\\/\",\"url\":\"https:\\\/\\\/velo-legal.com\\\/en\\\/blog\\\/por-que-debo-registrar-mi-marca\\\/\",\"name\":\"\u00bfPor qu\u00e9 debo registrar mi marca? - Velo Legal\",\"isPartOf\":{\"@id\":\"https:\\\/\\\/velo-legal.com\\\/#website\"},\"primaryImageOfPage\":{\"@id\":\"https:\\\/\\\/velo-legal.com\\\/en\\\/blog\\\/por-que-debo-registrar-mi-marca\\\/#primaryimage\"},\"image\":{\"@id\":\"https:\\\/\\\/velo-legal.com\\\/en\\\/blog\\\/por-que-debo-registrar-mi-marca\\\/#primaryimage\"},\"thumbnailUrl\":\"https:\\\/\\\/velo-legal.com\\\/wp-content\\\/uploads\\\/2026\\\/01\\\/GuvmGHDYxOqUjc5SVlTMnqM0uo.jpg\",\"datePublished\":\"2026-01-13T09:52:05+00:00\",\"dateModified\":\"2026-07-23T16:29:26+00:00\",\"description\":\"Si bien es cierto, no es obligatorio registrar tu&nbsp;marca,&nbsp;y por esta raz\u00f3n hay muchas personas que no lo hacen, al no registrar\",\"breadcrumb\":{\"@id\":\"https:\\\/\\\/velo-legal.com\\\/en\\\/blog\\\/por-que-debo-registrar-mi-marca\\\/#breadcrumb\"},\"inLanguage\":\"en-US\",\"potentialAction\":[{\"@type\":\"ReadAction\",\"target\":[\"https:\\\/\\\/velo-legal.com\\\/en\\\/blog\\\/por-que-debo-registrar-mi-marca\\\/\"]}]},{\"@type\":\"ImageObject\",\"inLanguage\":\"en-US\",\"@id\":\"https:\\\/\\\/velo-legal.com\\\/en\\\/blog\\\/por-que-debo-registrar-mi-marca\\\/#primaryimage\",\"url\":\"https:\\\/\\\/velo-legal.com\\\/wp-content\\\/uploads\\\/2026\\\/01\\\/GuvmGHDYxOqUjc5SVlTMnqM0uo.jpg\",\"contentUrl\":\"https:\\\/\\\/velo-legal.com\\\/wp-content\\\/uploads\\\/2026\\\/01\\\/GuvmGHDYxOqUjc5SVlTMnqM0uo.jpg\",\"width\":2048,\"height\":1405},{\"@type\":\"BreadcrumbList\",\"@id\":\"https:\\\/\\\/velo-legal.com\\\/en\\\/blog\\\/por-que-debo-registrar-mi-marca\\\/#breadcrumb\",\"itemListElement\":[{\"@type\":\"ListItem\",\"position\":1,\"name\":\"Portada\",\"item\":\"https:\\\/\\\/velo-legal.com\\\/\"},{\"@type\":\"ListItem\",\"position\":2,\"name\":\"\u00bfPor qu\u00e9 debo registrar mi marca?\"}]},{\"@type\":\"WebSite\",\"@id\":\"https:\\\/\\\/velo-legal.com\\\/#website\",\"url\":\"https:\\\/\\\/velo-legal.com\\\/\",\"name\":\"Velo Legal\",\"description\":\"Abogados\",\"publisher\":{\"@id\":\"https:\\\/\\\/velo-legal.com\\\/#organization\"},\"potentialAction\":[{\"@type\":\"SearchAction\",\"target\":{\"@type\":\"EntryPoint\",\"urlTemplate\":\"https:\\\/\\\/velo-legal.com\\\/?s={search_term_string}\"},\"query-input\":{\"@type\":\"PropertyValueSpecification\",\"valueRequired\":true,\"valueName\":\"search_term_string\"}}],\"inLanguage\":\"en-US\"},{\"@type\":\"Organization\",\"@id\":\"https:\\\/\\\/velo-legal.com\\\/#organization\",\"name\":\"%%sitename%%\",\"url\":\"https:\\\/\\\/velo-legal.com\\\/\",\"logo\":{\"@type\":\"ImageObject\",\"inLanguage\":\"en-US\",\"@id\":\"https:\\\/\\\/velo-legal.com\\\/#\\\/schema\\\/logo\\\/image\\\/\",\"url\":\"https:\\\/\\\/velo-legal.com\\\/wp-content\\\/uploads\\\/2025\\\/11\\\/cropped-Velo_Logotipo3_rgb-1.png\",\"contentUrl\":\"https:\\\/\\\/velo-legal.com\\\/wp-content\\\/uploads\\\/2025\\\/11\\\/cropped-Velo_Logotipo3_rgb-1.png\",\"width\":512,\"height\":512,\"caption\":\"%%sitename%%\"},\"image\":{\"@id\":\"https:\\\/\\\/velo-legal.com\\\/#\\\/schema\\\/logo\\\/image\\\/\"}},{\"@type\":\"Person\",\"@id\":\"https:\\\/\\\/velo-legal.com\\\/#\\\/schema\\\/person\\\/1cda78a69446bdb299acd3f1cdbb9aa2\",\"name\":\"gonzalo\",\"image\":{\"@type\":\"ImageObject\",\"inLanguage\":\"en-US\",\"@id\":\"https:\\\/\\\/secure.gravatar.com\\\/avatar\\\/54d3209800fe97a1e5c0b6f2947cd8e593a90be9e5c8f3c352990af0c67c6c7d?s=96&d=mm&r=g\",\"url\":\"https:\\\/\\\/secure.gravatar.com\\\/avatar\\\/54d3209800fe97a1e5c0b6f2947cd8e593a90be9e5c8f3c352990af0c67c6c7d?s=96&d=mm&r=g\",\"contentUrl\":\"https:\\\/\\\/secure.gravatar.com\\\/avatar\\\/54d3209800fe97a1e5c0b6f2947cd8e593a90be9e5c8f3c352990af0c67c6c7d?s=96&d=mm&r=g\",\"caption\":\"gonzalo\"},\"sameAs\":[\"https:\\\/\\\/velo-legal.com\"],\"url\":\"https:\\\/\\\/velo-legal.com\\\/en\\\/blog\\\/author\\\/gonzalo\\\/\"}]}<\/script>\n<!-- \/ Yoast SEO plugin. -->","yoast_head_json":{"title":"\u00bfPor qu\u00e9 debo registrar mi marca? - Velo Legal","description":"Si bien es cierto, no es obligatorio registrar tu&nbsp;marca,&nbsp;y por esta raz\u00f3n hay muchas personas que no lo hacen, al no registrar","robots":{"index":"noindex","follow":"nofollow"},"og_locale":"en_US","og_type":"article","og_title":"\u00bfPor qu\u00e9 debo registrar mi marca? - Velo Legal","og_description":"Si bien es cierto, no es obligatorio registrar tu&nbsp;marca,&nbsp;y por esta raz\u00f3n hay muchas personas que no lo hacen, al no registrar","og_url":"https:\/\/velo-legal.com\/en\/blog\/por-que-debo-registrar-mi-marca\/","og_site_name":"Velo Legal","article_published_time":"2026-01-13T09:52:05+00:00","article_modified_time":"2026-07-23T16:29:26+00:00","og_image":[{"width":2048,"height":1405,"url":"https:\/\/velo-legal.com\/wp-content\/uploads\/2026\/01\/GuvmGHDYxOqUjc5SVlTMnqM0uo.jpg","type":"image\/png"}],"author":"gonzalo","twitter_card":"summary_large_image","twitter_misc":{"Written by":"gonzalo","Est. reading time":"1 minute"},"schema":{"@context":"https:\/\/schema.org","@graph":[{"@type":"Article","@id":"https:\/\/velo-legal.com\/en\/blog\/por-que-debo-registrar-mi-marca\/#article","isPartOf":{"@id":"https:\/\/velo-legal.com\/en\/blog\/por-que-debo-registrar-mi-marca\/"},"author":{"name":"gonzalo","@id":"https:\/\/velo-legal.com\/#\/schema\/person\/1cda78a69446bdb299acd3f1cdbb9aa2"},"headline":"\u00bfPor qu\u00e9 debo registrar mi marca?","datePublished":"2026-01-13T09:52:05+00:00","dateModified":"2026-07-23T16:29:26+00:00","mainEntityOfPage":{"@id":"https:\/\/velo-legal.com\/en\/blog\/por-que-debo-registrar-mi-marca\/"},"wordCount":350,"commentCount":0,"publisher":{"@id":"https:\/\/velo-legal.com\/#organization"},"image":{"@id":"https:\/\/velo-legal.com\/en\/blog\/por-que-debo-registrar-mi-marca\/#primaryimage"},"thumbnailUrl":"https:\/\/velo-legal.com\/wp-content\/uploads\/2026\/01\/GuvmGHDYxOqUjc5SVlTMnqM0uo.jpg","articleSection":["Asesoria Legal Empresarial"],"inLanguage":"en-US","potentialAction":[{"@type":"CommentAction","name":"Comment","target":["https:\/\/velo-legal.com\/en\/blog\/por-que-debo-registrar-mi-marca\/#respond"]}]},{"@type":"WebPage","@id":"https:\/\/velo-legal.com\/en\/blog\/por-que-debo-registrar-mi-marca\/","url":"https:\/\/velo-legal.com\/en\/blog\/por-que-debo-registrar-mi-marca\/","name":"\u00bfPor qu\u00e9 debo registrar mi marca? - Velo Legal","isPartOf":{"@id":"https:\/\/velo-legal.com\/#website"},"primaryImageOfPage":{"@id":"https:\/\/velo-legal.com\/en\/blog\/por-que-debo-registrar-mi-marca\/#primaryimage"},"image":{"@id":"https:\/\/velo-legal.com\/en\/blog\/por-que-debo-registrar-mi-marca\/#primaryimage"},"thumbnailUrl":"https:\/\/velo-legal.com\/wp-content\/uploads\/2026\/01\/GuvmGHDYxOqUjc5SVlTMnqM0uo.jpg","datePublished":"2026-01-13T09:52:05+00:00","dateModified":"2026-07-23T16:29:26+00:00","description":"Si bien es cierto, no es obligatorio registrar tu&nbsp;marca,&nbsp;y por esta raz\u00f3n hay muchas personas que no lo hacen, al no registrar","breadcrumb":{"@id":"https:\/\/velo-legal.com\/en\/blog\/por-que-debo-registrar-mi-marca\/#breadcrumb"},"inLanguage":"en-US","potentialAction":[{"@type":"ReadAction","target":["https:\/\/velo-legal.com\/en\/blog\/por-que-debo-registrar-mi-marca\/"]}]},{"@type":"ImageObject","inLanguage":"en-US","@id":"https:\/\/velo-legal.com\/en\/blog\/por-que-debo-registrar-mi-marca\/#primaryimage","url":"https:\/\/velo-legal.com\/wp-content\/uploads\/2026\/01\/GuvmGHDYxOqUjc5SVlTMnqM0uo.jpg","contentUrl":"https:\/\/velo-legal.com\/wp-content\/uploads\/2026\/01\/GuvmGHDYxOqUjc5SVlTMnqM0uo.jpg","width":2048,"height":1405},{"@type":"BreadcrumbList","@id":"https:\/\/velo-legal.com\/en\/blog\/por-que-debo-registrar-mi-marca\/#breadcrumb","itemListElement":[{"@type":"ListItem","position":1,"name":"Portada","item":"https:\/\/velo-legal.com\/"},{"@type":"ListItem","position":2,"name":"\u00bfPor qu\u00e9 debo registrar mi marca?"}]},{"@type":"WebSite","@id":"https:\/\/velo-legal.com\/#website","url":"https:\/\/velo-legal.com\/","name":"Velo Legal","description":"Abogados","publisher":{"@id":"https:\/\/velo-legal.com\/#organization"},"potentialAction":[{"@type":"SearchAction","target":{"@type":"EntryPoint","urlTemplate":"https:\/\/velo-legal.com\/?s={search_term_string}"},"query-input":{"@type":"PropertyValueSpecification","valueRequired":true,"valueName":"search_term_string"}}],"inLanguage":"en-US"},{"@type":"Organization","@id":"https:\/\/velo-legal.com\/#organization","name":"%%sitename%%","url":"https:\/\/velo-legal.com\/","logo":{"@type":"ImageObject","inLanguage":"en-US","@id":"https:\/\/velo-legal.com\/#\/schema\/logo\/image\/","url":"https:\/\/velo-legal.com\/wp-content\/uploads\/2025\/11\/cropped-Velo_Logotipo3_rgb-1.png","contentUrl":"https:\/\/velo-legal.com\/wp-content\/uploads\/2025\/11\/cropped-Velo_Logotipo3_rgb-1.png","width":512,"height":512,"caption":"%%sitename%%"},"image":{"@id":"https:\/\/velo-legal.com\/#\/schema\/logo\/image\/"}},{"@type":"Person","@id":"https:\/\/velo-legal.com\/#\/schema\/person\/1cda78a69446bdb299acd3f1cdbb9aa2","name":"gonzalo","image":{"@type":"ImageObject","inLanguage":"en-US","@id":"https:\/\/secure.gravatar.com\/avatar\/54d3209800fe97a1e5c0b6f2947cd8e593a90be9e5c8f3c352990af0c67c6c7d?s=96&d=mm&r=g","url":"https:\/\/secure.gravatar.com\/avatar\/54d3209800fe97a1e5c0b6f2947cd8e593a90be9e5c8f3c352990af0c67c6c7d?s=96&d=mm&r=g","contentUrl":"https:\/\/secure.gravatar.com\/avatar\/54d3209800fe97a1e5c0b6f2947cd8e593a90be9e5c8f3c352990af0c67c6c7d?s=96&d=mm&r=g","caption":"gonzalo"},"sameAs":["https:\/\/velo-legal.com"],"url":"https:\/\/velo-legal.com\/en\/blog\/author\/gonzalo\/"}]}},"_links":{"self":[{"href":"https:\/\/velo-legal.com\/en\/wp-json\/wp\/v2\/posts\/11151","targetHints":{"allow":["GET"]}}],"collection":[{"href":"https:\/\/velo-legal.com\/en\/wp-json\/wp\/v2\/posts"}],"about":[{"href":"https:\/\/velo-legal.com\/en\/wp-json\/wp\/v2\/types\/post"}],"author":[{"embeddable":true,"href":"https:\/\/velo-legal.com\/en\/wp-json\/wp\/v2\/users\/1"}],"replies":[{"embeddable":true,"href":"https:\/\/velo-legal.com\/en\/wp-json\/wp\/v2\/comments?post=11151"}],"version-history":[{"count":1,"href":"https:\/\/velo-legal.com\/en\/wp-json\/wp\/v2\/posts\/11151\/revisions"}],"predecessor-version":[{"id":12242,"href":"https:\/\/velo-legal.com\/en\/wp-json\/wp\/v2\/posts\/11151\/revisions\/12242"}],"wp:featuredmedia":[{"embeddable":true,"href":"https:\/\/velo-legal.com\/en\/wp-json\/wp\/v2\/media\/11152"}],"wp:attachment":[{"href":"https:\/\/velo-legal.com\/en\/wp-json\/wp\/v2\/media?parent=11151"}],"wp:term":[{"taxonomy":"category","embeddable":true,"href":"https:\/\/velo-legal.com\/en\/wp-json\/wp\/v2\/categories?post=11151"},{"taxonomy":"post_tag","embeddable":true,"href":"https:\/\/velo-legal.com\/en\/wp-json\/wp\/v2\/tags?post=11151"}],"curies":[{"name":"wp","href":"https:\/\/api.w.org\/{rel}","templated":true}]}}