{"id":11149,"date":"2020-03-08T00:00:00","date_gmt":"2020-03-08T00:00:00","guid":{"rendered":"https:\/\/velo.riodigital.com.ar\/hoyos-asociados-se-incorpora-a-velo-legal\/"},"modified":"2026-07-23T15:32:50","modified_gmt":"2026-07-23T15:32:50","slug":"hoyos-asociados-se-incorpora-a-velo-legal","status":"publish","type":"post","link":"https:\/\/velo-legal.com\/en\/blog\/hoyos-asociados-se-incorpora-a-velo-legal\/","title":{"rendered":"Hoyos y asociados de incorpora a Vel\u00f3 Legal"},"content":{"rendered":"<h4><strong>Hoyos &amp; Asociados se incorpora a Vel\u00f3 Legal mediante fusi\u00f3n de despachos como movida de expansi\u00f3n y apuesta al NewLaw<\/strong>.<\/h4><p><strong>Ciudad de Panam\u00e1. Lunes 3 de agosto 2020. <\/strong>Vel\u00f3 Legal, la primera firma NewLaw de Panam\u00e1, en un acuerdo motivado por el crecimiento y la expansi\u00f3n de su huella, ha llegado a t\u00e9rminos para incorporar la cartera y la operaci\u00f3n de la firma de abogados Hoyos &amp; Asociados. La firma administrada por Carlos Arturo Hoyos y Adriana Grimaldo cuenta con importantes clientes dentro de los sectores m\u00e1s relevantes de la econom\u00eda paname\u00f1a. Hoyos &amp; Asociados, una firma de abogados \u201cfull service\u201d estar\u00e1 uniendo su talento, trabajo y esfuerzo a Vel\u00f3 Legal.<\/p><p>El despacho Hoyos &amp; Asociados ha representado a importantes compa\u00f1\u00edas en procesos significativos ante la Corte Suprema de Justicia de Panam\u00e1 y en la administraci\u00f3n de sus contratos p\u00fablicos. Tambi\u00e9n destaca su participaci\u00f3n en litigios y arbitrajes en Panam\u00e1 y en el extranjero. La firma cuenta con amplia experiencia, habiendo tenido un rol imprescindible en la <strong>creaci\u00f3n, asesor\u00eda y operaci\u00f3n de negocios online, tanto en Panam\u00e1 como en el Caribe<\/strong>, al igual que en materia de Derecho Corporativo, Contrataci\u00f3n P\u00fablica, Derecho Laboral, Bienes Ra\u00edces y Propiedad Horizontal, Mercadeo y Publicidad, Tecnolog\u00eda y Comercio al por mayor y al por menor.<\/p><p>En la fusi\u00f3n de talentos podemos destacar el expertise de <a href=\"https:\/\/velo-legal.com\/en\/carlos-hoyos\/\"><strong>Carlos Arturo Hoyos<\/strong><\/a>, director de Hoyos &amp; Asociados, quien se ha destacado durante su vida laboral en diversas ramas del derecho, tratando asuntos tanto de naturaleza comercial como judicial y administrativa. Es graduado de la Universidad de Oxford en Inglaterra y Summa Cum Laude de la Universidad Cat\u00f3lica Santa Mar\u00eda la Antigua. As\u00ed como el expertise de <a href=\"https:\/\/velo-legal.com\/en\/adriana-grimaldo\/\"><strong>Adriana Grimaldo<\/strong><\/a>, abogada experta en derecho inmobiliario, infraestructura, urbanismo, derecho ambiental y recursos naturales, egresada de la Universidad Santa Mar\u00eda la Antigua y de la <em>University of South California (USC)<\/em>, M\u00e1ster en Derecho.<\/p><p>Parte fundamental de esta alianza une el entusiasmo y know-how de sus miembros m\u00e1s j\u00f3venes, as\u00ed como la trayectoria, experiencia y consultor\u00eda del distinguido <strong>Dr. Arturo Hoyos<\/strong>, ex Presidente de la Corte Suprema de Justicia de Panam\u00e1 y Magistrado de la Sala Tercera durante 16 a\u00f1os, quien brindar\u00e1 apoyo como Asesor Externo de Vel\u00f3 Legal. El Dr. Hoyos es jurista y uno de los abogados m\u00e1s respetados dentro de la Rep\u00fablica de Panam\u00e1 y el continente americano por sus inmensos aportes a la doctrina legal y a la jurisprudencia, especialmente relacionada a los temas del debido proceso, el derecho contencioso-administrativo, el derecho constitucional y derecho privado.<\/p><p>Esta uni\u00f3n completa una pieza clave para Vel\u00f3 Legal, no solamente por su experiencia y por lo que le puede aportar a nuestros clientes, sino por compartir con la firma nuestros principios, valores y atributos, como agilidad, flexibilidad, fiabilidad y eficiencia. Con la adici\u00f3n de talentos y visi\u00f3n desde esta firma de servicios legales alternativa queremos fortalecer, consolidar y crecer la marca Vel\u00f3 Legal en Panam\u00e1 y en la regi\u00f3n.<\/p>","protected":false},"excerpt":{"rendered":"<p>Hoyos &amp; Asociados se incorpora a&hellip;<\/p>","protected":false},"author":1,"featured_media":11150,"comment_status":"open","ping_status":"open","sticky":false,"template":"","format":"standard","meta":{"footnotes":""},"categories":[78],"tags":[],"class_list":["post-11149","post","type-post","status-publish","format-standard","has-post-thumbnail","hentry","category-asesoria-legal-empresarial"],"yoast_head":"<!-- This site is optimized with the Yoast SEO plugin v28.4 - https:\/\/yoast.com\/product\/yoast-seo-wordpress\/ -->\n<title>Hoyos y asociados de incorpora a Vel\u00f3 Legal - Velo Legal<\/title>\n<meta name=\"description\" content=\"Hoyos &amp; Asociados se incorpora a Vel\u00f3 Legal mediante fusi\u00f3n de despachos como movida de expansi\u00f3n y apuesta al NewLaw.Ciudad de Panam\u00e1. Lunes 3 de\" \/>\n<meta name=\"robots\" content=\"noindex, nofollow\" \/>\n<meta property=\"og:locale\" content=\"en_US\" \/>\n<meta property=\"og:type\" content=\"article\" \/>\n<meta property=\"og:title\" content=\"Hoyos y asociados de incorpora a Vel\u00f3 Legal - Velo Legal\" \/>\n<meta property=\"og:description\" content=\"Hoyos &amp; Asociados se incorpora a Vel\u00f3 Legal mediante fusi\u00f3n de despachos como movida de expansi\u00f3n y apuesta al NewLaw.Ciudad de Panam\u00e1. Lunes 3 de\" \/>\n<meta property=\"og:url\" content=\"https:\/\/velo-legal.com\/en\/blog\/hoyos-asociados-se-incorpora-a-velo-legal\/\" \/>\n<meta property=\"og:site_name\" content=\"Velo Legal\" \/>\n<meta property=\"article:published_time\" content=\"2020-03-08T00:00:00+00:00\" \/>\n<meta property=\"article:modified_time\" content=\"2026-07-23T15:32:50+00:00\" \/>\n<meta property=\"og:image\" content=\"https:\/\/velo-legal.com\/wp-content\/uploads\/2026\/01\/rvnLEoz0vz8fYmQSUdLUT9H3814.png\" \/>\n\t<meta property=\"og:image:width\" content=\"578\" \/>\n\t<meta property=\"og:image:height\" content=\"386\" \/>\n\t<meta property=\"og:image:type\" content=\"image\/png\" \/>\n<meta name=\"author\" content=\"gonzalo\" \/>\n<meta name=\"twitter:card\" content=\"summary_large_image\" \/>\n<meta name=\"twitter:label1\" content=\"Written by\" \/>\n\t<meta name=\"twitter:data1\" content=\"gonzalo\" \/>\n\t<meta name=\"twitter:label2\" content=\"Est. reading time\" \/>\n\t<meta name=\"twitter:data2\" content=\"3 minutes\" \/>\n<script type=\"application\/ld+json\" class=\"yoast-schema-graph\">{\"@context\":\"https:\\\/\\\/schema.org\",\"@graph\":[{\"@type\":\"Article\",\"@id\":\"https:\\\/\\\/velo-legal.com\\\/en\\\/blog\\\/hoyos-asociados-se-incorpora-a-velo-legal\\\/#article\",\"isPartOf\":{\"@id\":\"https:\\\/\\\/velo-legal.com\\\/en\\\/blog\\\/hoyos-asociados-se-incorpora-a-velo-legal\\\/\"},\"author\":{\"name\":\"gonzalo\",\"@id\":\"https:\\\/\\\/velo-legal.com\\\/#\\\/schema\\\/person\\\/1cda78a69446bdb299acd3f1cdbb9aa2\"},\"headline\":\"Hoyos y asociados de incorpora a Vel\u00f3 Legal\",\"datePublished\":\"2020-03-08T00:00:00+00:00\",\"dateModified\":\"2026-07-23T15:32:50+00:00\",\"mainEntityOfPage\":{\"@id\":\"https:\\\/\\\/velo-legal.com\\\/en\\\/blog\\\/hoyos-asociados-se-incorpora-a-velo-legal\\\/\"},\"wordCount\":527,\"commentCount\":0,\"publisher\":{\"@id\":\"https:\\\/\\\/velo-legal.com\\\/#organization\"},\"image\":{\"@id\":\"https:\\\/\\\/velo-legal.com\\\/en\\\/blog\\\/hoyos-asociados-se-incorpora-a-velo-legal\\\/#primaryimage\"},\"thumbnailUrl\":\"https:\\\/\\\/velo-legal.com\\\/wp-content\\\/uploads\\\/2026\\\/01\\\/rvnLEoz0vz8fYmQSUdLUT9H3814.png\",\"articleSection\":[\"Asesoria Legal Empresarial\"],\"inLanguage\":\"en-US\",\"potentialAction\":[{\"@type\":\"CommentAction\",\"name\":\"Comment\",\"target\":[\"https:\\\/\\\/velo-legal.com\\\/en\\\/blog\\\/hoyos-asociados-se-incorpora-a-velo-legal\\\/#respond\"]}]},{\"@type\":\"WebPage\",\"@id\":\"https:\\\/\\\/velo-legal.com\\\/en\\\/blog\\\/hoyos-asociados-se-incorpora-a-velo-legal\\\/\",\"url\":\"https:\\\/\\\/velo-legal.com\\\/en\\\/blog\\\/hoyos-asociados-se-incorpora-a-velo-legal\\\/\",\"name\":\"Hoyos y asociados de incorpora a Vel\u00f3 Legal - Velo Legal\",\"isPartOf\":{\"@id\":\"https:\\\/\\\/velo-legal.com\\\/#website\"},\"primaryImageOfPage\":{\"@id\":\"https:\\\/\\\/velo-legal.com\\\/en\\\/blog\\\/hoyos-asociados-se-incorpora-a-velo-legal\\\/#primaryimage\"},\"image\":{\"@id\":\"https:\\\/\\\/velo-legal.com\\\/en\\\/blog\\\/hoyos-asociados-se-incorpora-a-velo-legal\\\/#primaryimage\"},\"thumbnailUrl\":\"https:\\\/\\\/velo-legal.com\\\/wp-content\\\/uploads\\\/2026\\\/01\\\/rvnLEoz0vz8fYmQSUdLUT9H3814.png\",\"datePublished\":\"2020-03-08T00:00:00+00:00\",\"dateModified\":\"2026-07-23T15:32:50+00:00\",\"description\":\"Hoyos &amp; Asociados se incorpora a Vel\u00f3 Legal mediante fusi\u00f3n de despachos como movida de expansi\u00f3n y apuesta al NewLaw.Ciudad de Panam\u00e1. Lunes 3 de\",\"breadcrumb\":{\"@id\":\"https:\\\/\\\/velo-legal.com\\\/en\\\/blog\\\/hoyos-asociados-se-incorpora-a-velo-legal\\\/#breadcrumb\"},\"inLanguage\":\"en-US\",\"potentialAction\":[{\"@type\":\"ReadAction\",\"target\":[\"https:\\\/\\\/velo-legal.com\\\/en\\\/blog\\\/hoyos-asociados-se-incorpora-a-velo-legal\\\/\"]}]},{\"@type\":\"ImageObject\",\"inLanguage\":\"en-US\",\"@id\":\"https:\\\/\\\/velo-legal.com\\\/en\\\/blog\\\/hoyos-asociados-se-incorpora-a-velo-legal\\\/#primaryimage\",\"url\":\"https:\\\/\\\/velo-legal.com\\\/wp-content\\\/uploads\\\/2026\\\/01\\\/rvnLEoz0vz8fYmQSUdLUT9H3814.png\",\"contentUrl\":\"https:\\\/\\\/velo-legal.com\\\/wp-content\\\/uploads\\\/2026\\\/01\\\/rvnLEoz0vz8fYmQSUdLUT9H3814.png\",\"width\":578,\"height\":386},{\"@type\":\"BreadcrumbList\",\"@id\":\"https:\\\/\\\/velo-legal.com\\\/en\\\/blog\\\/hoyos-asociados-se-incorpora-a-velo-legal\\\/#breadcrumb\",\"itemListElement\":[{\"@type\":\"ListItem\",\"position\":1,\"name\":\"Portada\",\"item\":\"https:\\\/\\\/velo-legal.com\\\/\"},{\"@type\":\"ListItem\",\"position\":2,\"name\":\"Hoyos y asociados de incorpora a Vel\u00f3 Legal\"}]},{\"@type\":\"WebSite\",\"@id\":\"https:\\\/\\\/velo-legal.com\\\/#website\",\"url\":\"https:\\\/\\\/velo-legal.com\\\/\",\"name\":\"Velo Legal\",\"description\":\"Abogados\",\"publisher\":{\"@id\":\"https:\\\/\\\/velo-legal.com\\\/#organization\"},\"potentialAction\":[{\"@type\":\"SearchAction\",\"target\":{\"@type\":\"EntryPoint\",\"urlTemplate\":\"https:\\\/\\\/velo-legal.com\\\/?s={search_term_string}\"},\"query-input\":{\"@type\":\"PropertyValueSpecification\",\"valueRequired\":true,\"valueName\":\"search_term_string\"}}],\"inLanguage\":\"en-US\"},{\"@type\":\"Organization\",\"@id\":\"https:\\\/\\\/velo-legal.com\\\/#organization\",\"name\":\"%%sitename%%\",\"url\":\"https:\\\/\\\/velo-legal.com\\\/\",\"logo\":{\"@type\":\"ImageObject\",\"inLanguage\":\"en-US\",\"@id\":\"https:\\\/\\\/velo-legal.com\\\/#\\\/schema\\\/logo\\\/image\\\/\",\"url\":\"https:\\\/\\\/velo-legal.com\\\/wp-content\\\/uploads\\\/2025\\\/11\\\/cropped-Velo_Logotipo3_rgb-1.png\",\"contentUrl\":\"https:\\\/\\\/velo-legal.com\\\/wp-content\\\/uploads\\\/2025\\\/11\\\/cropped-Velo_Logotipo3_rgb-1.png\",\"width\":512,\"height\":512,\"caption\":\"%%sitename%%\"},\"image\":{\"@id\":\"https:\\\/\\\/velo-legal.com\\\/#\\\/schema\\\/logo\\\/image\\\/\"}},{\"@type\":\"Person\",\"@id\":\"https:\\\/\\\/velo-legal.com\\\/#\\\/schema\\\/person\\\/1cda78a69446bdb299acd3f1cdbb9aa2\",\"name\":\"gonzalo\",\"image\":{\"@type\":\"ImageObject\",\"inLanguage\":\"en-US\",\"@id\":\"https:\\\/\\\/secure.gravatar.com\\\/avatar\\\/54d3209800fe97a1e5c0b6f2947cd8e593a90be9e5c8f3c352990af0c67c6c7d?s=96&d=mm&r=g\",\"url\":\"https:\\\/\\\/secure.gravatar.com\\\/avatar\\\/54d3209800fe97a1e5c0b6f2947cd8e593a90be9e5c8f3c352990af0c67c6c7d?s=96&d=mm&r=g\",\"contentUrl\":\"https:\\\/\\\/secure.gravatar.com\\\/avatar\\\/54d3209800fe97a1e5c0b6f2947cd8e593a90be9e5c8f3c352990af0c67c6c7d?s=96&d=mm&r=g\",\"caption\":\"gonzalo\"},\"sameAs\":[\"https:\\\/\\\/velo-legal.com\"],\"url\":\"https:\\\/\\\/velo-legal.com\\\/en\\\/blog\\\/author\\\/gonzalo\\\/\"}]}<\/script>\n<!-- \/ Yoast SEO plugin. -->","yoast_head_json":{"title":"Hoyos y asociados de incorpora a Vel\u00f3 Legal - Velo Legal","description":"Hoyos &amp; Asociados se incorpora a Vel\u00f3 Legal mediante fusi\u00f3n de despachos como movida de expansi\u00f3n y apuesta al NewLaw.Ciudad de Panam\u00e1. Lunes 3 de","robots":{"index":"noindex","follow":"nofollow"},"og_locale":"en_US","og_type":"article","og_title":"Hoyos y asociados de incorpora a Vel\u00f3 Legal - Velo Legal","og_description":"Hoyos &amp; Asociados se incorpora a Vel\u00f3 Legal mediante fusi\u00f3n de despachos como movida de expansi\u00f3n y apuesta al NewLaw.Ciudad de Panam\u00e1. Lunes 3 de","og_url":"https:\/\/velo-legal.com\/en\/blog\/hoyos-asociados-se-incorpora-a-velo-legal\/","og_site_name":"Velo Legal","article_published_time":"2020-03-08T00:00:00+00:00","article_modified_time":"2026-07-23T15:32:50+00:00","og_image":[{"width":578,"height":386,"url":"https:\/\/velo-legal.com\/wp-content\/uploads\/2026\/01\/rvnLEoz0vz8fYmQSUdLUT9H3814.png","type":"image\/png"}],"author":"gonzalo","twitter_card":"summary_large_image","twitter_misc":{"Written by":"gonzalo","Est. reading time":"3 minutes"},"schema":{"@context":"https:\/\/schema.org","@graph":[{"@type":"Article","@id":"https:\/\/velo-legal.com\/en\/blog\/hoyos-asociados-se-incorpora-a-velo-legal\/#article","isPartOf":{"@id":"https:\/\/velo-legal.com\/en\/blog\/hoyos-asociados-se-incorpora-a-velo-legal\/"},"author":{"name":"gonzalo","@id":"https:\/\/velo-legal.com\/#\/schema\/person\/1cda78a69446bdb299acd3f1cdbb9aa2"},"headline":"Hoyos y asociados de incorpora a Vel\u00f3 Legal","datePublished":"2020-03-08T00:00:00+00:00","dateModified":"2026-07-23T15:32:50+00:00","mainEntityOfPage":{"@id":"https:\/\/velo-legal.com\/en\/blog\/hoyos-asociados-se-incorpora-a-velo-legal\/"},"wordCount":527,"commentCount":0,"publisher":{"@id":"https:\/\/velo-legal.com\/#organization"},"image":{"@id":"https:\/\/velo-legal.com\/en\/blog\/hoyos-asociados-se-incorpora-a-velo-legal\/#primaryimage"},"thumbnailUrl":"https:\/\/velo-legal.com\/wp-content\/uploads\/2026\/01\/rvnLEoz0vz8fYmQSUdLUT9H3814.png","articleSection":["Asesoria Legal Empresarial"],"inLanguage":"en-US","potentialAction":[{"@type":"CommentAction","name":"Comment","target":["https:\/\/velo-legal.com\/en\/blog\/hoyos-asociados-se-incorpora-a-velo-legal\/#respond"]}]},{"@type":"WebPage","@id":"https:\/\/velo-legal.com\/en\/blog\/hoyos-asociados-se-incorpora-a-velo-legal\/","url":"https:\/\/velo-legal.com\/en\/blog\/hoyos-asociados-se-incorpora-a-velo-legal\/","name":"Hoyos y asociados de incorpora a Vel\u00f3 Legal - Velo Legal","isPartOf":{"@id":"https:\/\/velo-legal.com\/#website"},"primaryImageOfPage":{"@id":"https:\/\/velo-legal.com\/en\/blog\/hoyos-asociados-se-incorpora-a-velo-legal\/#primaryimage"},"image":{"@id":"https:\/\/velo-legal.com\/en\/blog\/hoyos-asociados-se-incorpora-a-velo-legal\/#primaryimage"},"thumbnailUrl":"https:\/\/velo-legal.com\/wp-content\/uploads\/2026\/01\/rvnLEoz0vz8fYmQSUdLUT9H3814.png","datePublished":"2020-03-08T00:00:00+00:00","dateModified":"2026-07-23T15:32:50+00:00","description":"Hoyos &amp; Asociados se incorpora a Vel\u00f3 Legal mediante fusi\u00f3n de despachos como movida de expansi\u00f3n y apuesta al NewLaw.Ciudad de Panam\u00e1. Lunes 3 de","breadcrumb":{"@id":"https:\/\/velo-legal.com\/en\/blog\/hoyos-asociados-se-incorpora-a-velo-legal\/#breadcrumb"},"inLanguage":"en-US","potentialAction":[{"@type":"ReadAction","target":["https:\/\/velo-legal.com\/en\/blog\/hoyos-asociados-se-incorpora-a-velo-legal\/"]}]},{"@type":"ImageObject","inLanguage":"en-US","@id":"https:\/\/velo-legal.com\/en\/blog\/hoyos-asociados-se-incorpora-a-velo-legal\/#primaryimage","url":"https:\/\/velo-legal.com\/wp-content\/uploads\/2026\/01\/rvnLEoz0vz8fYmQSUdLUT9H3814.png","contentUrl":"https:\/\/velo-legal.com\/wp-content\/uploads\/2026\/01\/rvnLEoz0vz8fYmQSUdLUT9H3814.png","width":578,"height":386},{"@type":"BreadcrumbList","@id":"https:\/\/velo-legal.com\/en\/blog\/hoyos-asociados-se-incorpora-a-velo-legal\/#breadcrumb","itemListElement":[{"@type":"ListItem","position":1,"name":"Portada","item":"https:\/\/velo-legal.com\/"},{"@type":"ListItem","position":2,"name":"Hoyos y asociados de incorpora a Vel\u00f3 Legal"}]},{"@type":"WebSite","@id":"https:\/\/velo-legal.com\/#website","url":"https:\/\/velo-legal.com\/","name":"Velo Legal","description":"Abogados","publisher":{"@id":"https:\/\/velo-legal.com\/#organization"},"potentialAction":[{"@type":"SearchAction","target":{"@type":"EntryPoint","urlTemplate":"https:\/\/velo-legal.com\/?s={search_term_string}"},"query-input":{"@type":"PropertyValueSpecification","valueRequired":true,"valueName":"search_term_string"}}],"inLanguage":"en-US"},{"@type":"Organization","@id":"https:\/\/velo-legal.com\/#organization","name":"%%sitename%%","url":"https:\/\/velo-legal.com\/","logo":{"@type":"ImageObject","inLanguage":"en-US","@id":"https:\/\/velo-legal.com\/#\/schema\/logo\/image\/","url":"https:\/\/velo-legal.com\/wp-content\/uploads\/2025\/11\/cropped-Velo_Logotipo3_rgb-1.png","contentUrl":"https:\/\/velo-legal.com\/wp-content\/uploads\/2025\/11\/cropped-Velo_Logotipo3_rgb-1.png","width":512,"height":512,"caption":"%%sitename%%"},"image":{"@id":"https:\/\/velo-legal.com\/#\/schema\/logo\/image\/"}},{"@type":"Person","@id":"https:\/\/velo-legal.com\/#\/schema\/person\/1cda78a69446bdb299acd3f1cdbb9aa2","name":"gonzalo","image":{"@type":"ImageObject","inLanguage":"en-US","@id":"https:\/\/secure.gravatar.com\/avatar\/54d3209800fe97a1e5c0b6f2947cd8e593a90be9e5c8f3c352990af0c67c6c7d?s=96&d=mm&r=g","url":"https:\/\/secure.gravatar.com\/avatar\/54d3209800fe97a1e5c0b6f2947cd8e593a90be9e5c8f3c352990af0c67c6c7d?s=96&d=mm&r=g","contentUrl":"https:\/\/secure.gravatar.com\/avatar\/54d3209800fe97a1e5c0b6f2947cd8e593a90be9e5c8f3c352990af0c67c6c7d?s=96&d=mm&r=g","caption":"gonzalo"},"sameAs":["https:\/\/velo-legal.com"],"url":"https:\/\/velo-legal.com\/en\/blog\/author\/gonzalo\/"}]}},"_links":{"self":[{"href":"https:\/\/velo-legal.com\/en\/wp-json\/wp\/v2\/posts\/11149","targetHints":{"allow":["GET"]}}],"collection":[{"href":"https:\/\/velo-legal.com\/en\/wp-json\/wp\/v2\/posts"}],"about":[{"href":"https:\/\/velo-legal.com\/en\/wp-json\/wp\/v2\/types\/post"}],"author":[{"embeddable":true,"href":"https:\/\/velo-legal.com\/en\/wp-json\/wp\/v2\/users\/1"}],"replies":[{"embeddable":true,"href":"https:\/\/velo-legal.com\/en\/wp-json\/wp\/v2\/comments?post=11149"}],"version-history":[{"count":1,"href":"https:\/\/velo-legal.com\/en\/wp-json\/wp\/v2\/posts\/11149\/revisions"}],"predecessor-version":[{"id":12220,"href":"https:\/\/velo-legal.com\/en\/wp-json\/wp\/v2\/posts\/11149\/revisions\/12220"}],"wp:featuredmedia":[{"embeddable":true,"href":"https:\/\/velo-legal.com\/en\/wp-json\/wp\/v2\/media\/11150"}],"wp:attachment":[{"href":"https:\/\/velo-legal.com\/en\/wp-json\/wp\/v2\/media?parent=11149"}],"wp:term":[{"taxonomy":"category","embeddable":true,"href":"https:\/\/velo-legal.com\/en\/wp-json\/wp\/v2\/categories?post=11149"},{"taxonomy":"post_tag","embeddable":true,"href":"https:\/\/velo-legal.com\/en\/wp-json\/wp\/v2\/tags?post=11149"}],"curies":[{"name":"wp","href":"https:\/\/api.w.org\/{rel}","templated":true}]}}