{"id":11147,"date":"2020-10-08T00:00:00","date_gmt":"2020-10-08T00:00:00","guid":{"rendered":"https:\/\/velo.riodigital.com.ar\/velo-legal-en-los-medios\/"},"modified":"2026-07-23T15:32:20","modified_gmt":"2026-07-23T15:32:20","slug":"velo-legal-en-los-medios","status":"publish","type":"post","link":"https:\/\/velo-legal.com\/en\/blog\/velo-legal-en-los-medios\/","title":{"rendered":"Vel\u00f3 Legal en los medios"},"content":{"rendered":"<p>Hemos tenido una semana m\u00e1s movida de lo normal, y es que la reciente incorporaci\u00f3n de Hoyos &amp; Asociados a Vel\u00f3 Legal ha sido noticia en varios medios internacionales.<\/p><p>Nos alegra no solo por nuestros logros como firma NewLaw, la primera en Panam\u00e1 y de las muy pocas en la regi\u00f3n, sino porque con esto destacamos tambi\u00e9n a nuestro pa\u00eds, y eso nos enorgullece profundamente.<\/p><p>Les compartimos aqu\u00ed enlace a alguno de estos medios.<\/p><p><strong>Capital Financiero (Panam\u00e1)<\/strong><\/p><p>Hoyos &amp; Asociados se incorpora a Vel\u00f3 Legal mediante la fusi\u00f3n de ambos despachos <a href=\"https:\/\/elcapitalfinanciero.com\/hoyos-asociados-se-incorpora-a-velo-legal-mediante-la-fusion-de-ambos-despachos\/\">https:\/\/elcapitalfinanciero.com\/hoyos-asociados-se-incorpora-a-velo-legal-mediante-la-fusion-de-ambos-despachos\/<\/a><\/p><p><strong>Law &amp; Trends<\/strong><\/p><p>Hoyos &amp; Asociados se incorpora a Vel\u00f3 Legal mediante fusi\u00f3n de despachos como movida de expansi\u00f3n y apuesta al NewLaw <a href=\"https:\/\/www.lawandtrends.com\/noticias\/despachos\/hoyos-asociados-se-incorpora-a-velo-legal-mediante-fusion-de-despachos-como-movida-de-expansion-y-apuesta-al-newlaw-1.html\">https:\/\/www.lawandtrends.com\/noticias\/despachos\/hoyos-asociados-se-incorpora-a-velo-legal-mediante-fusion-de-despachos-como-movida-de-expansion-y-apuesta-al-newlaw-1.html<\/a><\/p><p><strong>Iberian Lawyer<\/strong> <strong>y The Latin American Lawyer<\/strong><\/p><p>Panamanian law firm Vel\u00f3 Legal has announced it has incorporated the staff and client portfolio of law firm Hoyos &amp; Asociados, and which is also based in Panama.<\/p><p><a href=\"https:\/\/www.iberianlawyer.com\/latin-america\/news-latin-america\/10852-panama-s-velo-legal-incorporates-hoyos-asociados\">https:\/\/www.iberianlawyer.com\/latin-america\/news-latin-america\/10852-panama-s-velo-legal-incorporates-hoyos-asociados<\/a><\/p>","protected":false},"excerpt":{"rendered":"<p>Hemos tenido una semana m\u00e1s movida&hellip;<\/p>","protected":false},"author":1,"featured_media":11148,"comment_status":"open","ping_status":"open","sticky":false,"template":"","format":"standard","meta":{"footnotes":""},"categories":[78],"tags":[],"class_list":["post-11147","post","type-post","status-publish","format-standard","has-post-thumbnail","hentry","category-asesoria-legal-empresarial"],"yoast_head":"<!-- This site is optimized with the Yoast SEO plugin v28.4 - https:\/\/yoast.com\/product\/yoast-seo-wordpress\/ -->\n<title>Vel\u00f3 Legal en los medios - Velo Legal<\/title>\n<meta name=\"description\" content=\"Hemos tenido una semana m\u00e1s movida de lo normal, y es que la reciente incorporaci\u00f3n de Hoyos &amp; Asociados a Vel\u00f3 Legal ha sido noticia en varios medios\" \/>\n<meta name=\"robots\" content=\"noindex, nofollow\" \/>\n<meta property=\"og:locale\" content=\"en_US\" \/>\n<meta property=\"og:type\" content=\"article\" \/>\n<meta property=\"og:title\" content=\"Vel\u00f3 Legal en los medios - Velo Legal\" \/>\n<meta property=\"og:description\" content=\"Hemos tenido una semana m\u00e1s movida de lo normal, y es que la reciente incorporaci\u00f3n de Hoyos &amp; Asociados a Vel\u00f3 Legal ha sido noticia en varios medios\" \/>\n<meta property=\"og:url\" content=\"https:\/\/velo-legal.com\/en\/blog\/velo-legal-en-los-medios\/\" \/>\n<meta property=\"og:site_name\" content=\"Velo Legal\" \/>\n<meta property=\"article:published_time\" content=\"2020-10-08T00:00:00+00:00\" \/>\n<meta property=\"article:modified_time\" content=\"2026-07-23T15:32:20+00:00\" \/>\n<meta property=\"og:image\" content=\"https:\/\/velo-legal.com\/wp-content\/uploads\/2026\/01\/cnQ1yEmDy3Y6CXgzmi8QkjprHqg.png\" \/>\n\t<meta property=\"og:image:width\" content=\"578\" \/>\n\t<meta property=\"og:image:height\" content=\"386\" \/>\n\t<meta property=\"og:image:type\" content=\"image\/png\" \/>\n<meta name=\"author\" content=\"gonzalo\" \/>\n<meta name=\"twitter:card\" content=\"summary_large_image\" \/>\n<meta name=\"twitter:label1\" content=\"Written by\" \/>\n\t<meta name=\"twitter:data1\" content=\"gonzalo\" \/>\n\t<meta name=\"twitter:label2\" content=\"Est. reading time\" \/>\n\t<meta name=\"twitter:data2\" content=\"1 minute\" \/>\n<script type=\"application\/ld+json\" class=\"yoast-schema-graph\">{\"@context\":\"https:\\\/\\\/schema.org\",\"@graph\":[{\"@type\":\"Article\",\"@id\":\"https:\\\/\\\/velo-legal.com\\\/en\\\/blog\\\/velo-legal-en-los-medios\\\/#article\",\"isPartOf\":{\"@id\":\"https:\\\/\\\/velo-legal.com\\\/en\\\/blog\\\/velo-legal-en-los-medios\\\/\"},\"author\":{\"name\":\"gonzalo\",\"@id\":\"https:\\\/\\\/velo-legal.com\\\/#\\\/schema\\\/person\\\/1cda78a69446bdb299acd3f1cdbb9aa2\"},\"headline\":\"Vel\u00f3 Legal en los medios\",\"datePublished\":\"2020-10-08T00:00:00+00:00\",\"dateModified\":\"2026-07-23T15:32:20+00:00\",\"mainEntityOfPage\":{\"@id\":\"https:\\\/\\\/velo-legal.com\\\/en\\\/blog\\\/velo-legal-en-los-medios\\\/\"},\"wordCount\":181,\"commentCount\":0,\"publisher\":{\"@id\":\"https:\\\/\\\/velo-legal.com\\\/#organization\"},\"image\":{\"@id\":\"https:\\\/\\\/velo-legal.com\\\/en\\\/blog\\\/velo-legal-en-los-medios\\\/#primaryimage\"},\"thumbnailUrl\":\"https:\\\/\\\/velo-legal.com\\\/wp-content\\\/uploads\\\/2026\\\/01\\\/cnQ1yEmDy3Y6CXgzmi8QkjprHqg.png\",\"articleSection\":[\"Asesoria Legal Empresarial\"],\"inLanguage\":\"en-US\",\"potentialAction\":[{\"@type\":\"CommentAction\",\"name\":\"Comment\",\"target\":[\"https:\\\/\\\/velo-legal.com\\\/en\\\/blog\\\/velo-legal-en-los-medios\\\/#respond\"]}]},{\"@type\":\"WebPage\",\"@id\":\"https:\\\/\\\/velo-legal.com\\\/en\\\/blog\\\/velo-legal-en-los-medios\\\/\",\"url\":\"https:\\\/\\\/velo-legal.com\\\/en\\\/blog\\\/velo-legal-en-los-medios\\\/\",\"name\":\"Vel\u00f3 Legal en los medios - Velo Legal\",\"isPartOf\":{\"@id\":\"https:\\\/\\\/velo-legal.com\\\/#website\"},\"primaryImageOfPage\":{\"@id\":\"https:\\\/\\\/velo-legal.com\\\/en\\\/blog\\\/velo-legal-en-los-medios\\\/#primaryimage\"},\"image\":{\"@id\":\"https:\\\/\\\/velo-legal.com\\\/en\\\/blog\\\/velo-legal-en-los-medios\\\/#primaryimage\"},\"thumbnailUrl\":\"https:\\\/\\\/velo-legal.com\\\/wp-content\\\/uploads\\\/2026\\\/01\\\/cnQ1yEmDy3Y6CXgzmi8QkjprHqg.png\",\"datePublished\":\"2020-10-08T00:00:00+00:00\",\"dateModified\":\"2026-07-23T15:32:20+00:00\",\"description\":\"Hemos tenido una semana m\u00e1s movida de lo normal, y es que la reciente incorporaci\u00f3n de Hoyos &amp; Asociados a Vel\u00f3 Legal ha sido noticia en varios medios\",\"breadcrumb\":{\"@id\":\"https:\\\/\\\/velo-legal.com\\\/en\\\/blog\\\/velo-legal-en-los-medios\\\/#breadcrumb\"},\"inLanguage\":\"en-US\",\"potentialAction\":[{\"@type\":\"ReadAction\",\"target\":[\"https:\\\/\\\/velo-legal.com\\\/en\\\/blog\\\/velo-legal-en-los-medios\\\/\"]}]},{\"@type\":\"ImageObject\",\"inLanguage\":\"en-US\",\"@id\":\"https:\\\/\\\/velo-legal.com\\\/en\\\/blog\\\/velo-legal-en-los-medios\\\/#primaryimage\",\"url\":\"https:\\\/\\\/velo-legal.com\\\/wp-content\\\/uploads\\\/2026\\\/01\\\/cnQ1yEmDy3Y6CXgzmi8QkjprHqg.png\",\"contentUrl\":\"https:\\\/\\\/velo-legal.com\\\/wp-content\\\/uploads\\\/2026\\\/01\\\/cnQ1yEmDy3Y6CXgzmi8QkjprHqg.png\",\"width\":578,\"height\":386},{\"@type\":\"BreadcrumbList\",\"@id\":\"https:\\\/\\\/velo-legal.com\\\/en\\\/blog\\\/velo-legal-en-los-medios\\\/#breadcrumb\",\"itemListElement\":[{\"@type\":\"ListItem\",\"position\":1,\"name\":\"Portada\",\"item\":\"https:\\\/\\\/velo-legal.com\\\/\"},{\"@type\":\"ListItem\",\"position\":2,\"name\":\"Vel\u00f3 Legal en los medios\"}]},{\"@type\":\"WebSite\",\"@id\":\"https:\\\/\\\/velo-legal.com\\\/#website\",\"url\":\"https:\\\/\\\/velo-legal.com\\\/\",\"name\":\"Velo Legal\",\"description\":\"Abogados\",\"publisher\":{\"@id\":\"https:\\\/\\\/velo-legal.com\\\/#organization\"},\"potentialAction\":[{\"@type\":\"SearchAction\",\"target\":{\"@type\":\"EntryPoint\",\"urlTemplate\":\"https:\\\/\\\/velo-legal.com\\\/?s={search_term_string}\"},\"query-input\":{\"@type\":\"PropertyValueSpecification\",\"valueRequired\":true,\"valueName\":\"search_term_string\"}}],\"inLanguage\":\"en-US\"},{\"@type\":\"Organization\",\"@id\":\"https:\\\/\\\/velo-legal.com\\\/#organization\",\"name\":\"%%sitename%%\",\"url\":\"https:\\\/\\\/velo-legal.com\\\/\",\"logo\":{\"@type\":\"ImageObject\",\"inLanguage\":\"en-US\",\"@id\":\"https:\\\/\\\/velo-legal.com\\\/#\\\/schema\\\/logo\\\/image\\\/\",\"url\":\"https:\\\/\\\/velo-legal.com\\\/wp-content\\\/uploads\\\/2025\\\/11\\\/cropped-Velo_Logotipo3_rgb-1.png\",\"contentUrl\":\"https:\\\/\\\/velo-legal.com\\\/wp-content\\\/uploads\\\/2025\\\/11\\\/cropped-Velo_Logotipo3_rgb-1.png\",\"width\":512,\"height\":512,\"caption\":\"%%sitename%%\"},\"image\":{\"@id\":\"https:\\\/\\\/velo-legal.com\\\/#\\\/schema\\\/logo\\\/image\\\/\"}},{\"@type\":\"Person\",\"@id\":\"https:\\\/\\\/velo-legal.com\\\/#\\\/schema\\\/person\\\/1cda78a69446bdb299acd3f1cdbb9aa2\",\"name\":\"gonzalo\",\"image\":{\"@type\":\"ImageObject\",\"inLanguage\":\"en-US\",\"@id\":\"https:\\\/\\\/secure.gravatar.com\\\/avatar\\\/54d3209800fe97a1e5c0b6f2947cd8e593a90be9e5c8f3c352990af0c67c6c7d?s=96&d=mm&r=g\",\"url\":\"https:\\\/\\\/secure.gravatar.com\\\/avatar\\\/54d3209800fe97a1e5c0b6f2947cd8e593a90be9e5c8f3c352990af0c67c6c7d?s=96&d=mm&r=g\",\"contentUrl\":\"https:\\\/\\\/secure.gravatar.com\\\/avatar\\\/54d3209800fe97a1e5c0b6f2947cd8e593a90be9e5c8f3c352990af0c67c6c7d?s=96&d=mm&r=g\",\"caption\":\"gonzalo\"},\"sameAs\":[\"https:\\\/\\\/velo-legal.com\"],\"url\":\"https:\\\/\\\/velo-legal.com\\\/en\\\/blog\\\/author\\\/gonzalo\\\/\"}]}<\/script>\n<!-- \/ Yoast SEO plugin. -->","yoast_head_json":{"title":"Vel\u00f3 Legal en los medios - Velo Legal","description":"Hemos tenido una semana m\u00e1s movida de lo normal, y es que la reciente incorporaci\u00f3n de Hoyos &amp; Asociados a Vel\u00f3 Legal ha sido noticia en varios medios","robots":{"index":"noindex","follow":"nofollow"},"og_locale":"en_US","og_type":"article","og_title":"Vel\u00f3 Legal en los medios - Velo Legal","og_description":"Hemos tenido una semana m\u00e1s movida de lo normal, y es que la reciente incorporaci\u00f3n de Hoyos &amp; Asociados a Vel\u00f3 Legal ha sido noticia en varios medios","og_url":"https:\/\/velo-legal.com\/en\/blog\/velo-legal-en-los-medios\/","og_site_name":"Velo Legal","article_published_time":"2020-10-08T00:00:00+00:00","article_modified_time":"2026-07-23T15:32:20+00:00","og_image":[{"width":578,"height":386,"url":"https:\/\/velo-legal.com\/wp-content\/uploads\/2026\/01\/cnQ1yEmDy3Y6CXgzmi8QkjprHqg.png","type":"image\/png"}],"author":"gonzalo","twitter_card":"summary_large_image","twitter_misc":{"Written by":"gonzalo","Est. reading time":"1 minute"},"schema":{"@context":"https:\/\/schema.org","@graph":[{"@type":"Article","@id":"https:\/\/velo-legal.com\/en\/blog\/velo-legal-en-los-medios\/#article","isPartOf":{"@id":"https:\/\/velo-legal.com\/en\/blog\/velo-legal-en-los-medios\/"},"author":{"name":"gonzalo","@id":"https:\/\/velo-legal.com\/#\/schema\/person\/1cda78a69446bdb299acd3f1cdbb9aa2"},"headline":"Vel\u00f3 Legal en los medios","datePublished":"2020-10-08T00:00:00+00:00","dateModified":"2026-07-23T15:32:20+00:00","mainEntityOfPage":{"@id":"https:\/\/velo-legal.com\/en\/blog\/velo-legal-en-los-medios\/"},"wordCount":181,"commentCount":0,"publisher":{"@id":"https:\/\/velo-legal.com\/#organization"},"image":{"@id":"https:\/\/velo-legal.com\/en\/blog\/velo-legal-en-los-medios\/#primaryimage"},"thumbnailUrl":"https:\/\/velo-legal.com\/wp-content\/uploads\/2026\/01\/cnQ1yEmDy3Y6CXgzmi8QkjprHqg.png","articleSection":["Asesoria Legal Empresarial"],"inLanguage":"en-US","potentialAction":[{"@type":"CommentAction","name":"Comment","target":["https:\/\/velo-legal.com\/en\/blog\/velo-legal-en-los-medios\/#respond"]}]},{"@type":"WebPage","@id":"https:\/\/velo-legal.com\/en\/blog\/velo-legal-en-los-medios\/","url":"https:\/\/velo-legal.com\/en\/blog\/velo-legal-en-los-medios\/","name":"Vel\u00f3 Legal en los medios - Velo Legal","isPartOf":{"@id":"https:\/\/velo-legal.com\/#website"},"primaryImageOfPage":{"@id":"https:\/\/velo-legal.com\/en\/blog\/velo-legal-en-los-medios\/#primaryimage"},"image":{"@id":"https:\/\/velo-legal.com\/en\/blog\/velo-legal-en-los-medios\/#primaryimage"},"thumbnailUrl":"https:\/\/velo-legal.com\/wp-content\/uploads\/2026\/01\/cnQ1yEmDy3Y6CXgzmi8QkjprHqg.png","datePublished":"2020-10-08T00:00:00+00:00","dateModified":"2026-07-23T15:32:20+00:00","description":"Hemos tenido una semana m\u00e1s movida de lo normal, y es que la reciente incorporaci\u00f3n de Hoyos &amp; Asociados a Vel\u00f3 Legal ha sido noticia en varios medios","breadcrumb":{"@id":"https:\/\/velo-legal.com\/en\/blog\/velo-legal-en-los-medios\/#breadcrumb"},"inLanguage":"en-US","potentialAction":[{"@type":"ReadAction","target":["https:\/\/velo-legal.com\/en\/blog\/velo-legal-en-los-medios\/"]}]},{"@type":"ImageObject","inLanguage":"en-US","@id":"https:\/\/velo-legal.com\/en\/blog\/velo-legal-en-los-medios\/#primaryimage","url":"https:\/\/velo-legal.com\/wp-content\/uploads\/2026\/01\/cnQ1yEmDy3Y6CXgzmi8QkjprHqg.png","contentUrl":"https:\/\/velo-legal.com\/wp-content\/uploads\/2026\/01\/cnQ1yEmDy3Y6CXgzmi8QkjprHqg.png","width":578,"height":386},{"@type":"BreadcrumbList","@id":"https:\/\/velo-legal.com\/en\/blog\/velo-legal-en-los-medios\/#breadcrumb","itemListElement":[{"@type":"ListItem","position":1,"name":"Portada","item":"https:\/\/velo-legal.com\/"},{"@type":"ListItem","position":2,"name":"Vel\u00f3 Legal en los medios"}]},{"@type":"WebSite","@id":"https:\/\/velo-legal.com\/#website","url":"https:\/\/velo-legal.com\/","name":"Velo Legal","description":"Abogados","publisher":{"@id":"https:\/\/velo-legal.com\/#organization"},"potentialAction":[{"@type":"SearchAction","target":{"@type":"EntryPoint","urlTemplate":"https:\/\/velo-legal.com\/?s={search_term_string}"},"query-input":{"@type":"PropertyValueSpecification","valueRequired":true,"valueName":"search_term_string"}}],"inLanguage":"en-US"},{"@type":"Organization","@id":"https:\/\/velo-legal.com\/#organization","name":"%%sitename%%","url":"https:\/\/velo-legal.com\/","logo":{"@type":"ImageObject","inLanguage":"en-US","@id":"https:\/\/velo-legal.com\/#\/schema\/logo\/image\/","url":"https:\/\/velo-legal.com\/wp-content\/uploads\/2025\/11\/cropped-Velo_Logotipo3_rgb-1.png","contentUrl":"https:\/\/velo-legal.com\/wp-content\/uploads\/2025\/11\/cropped-Velo_Logotipo3_rgb-1.png","width":512,"height":512,"caption":"%%sitename%%"},"image":{"@id":"https:\/\/velo-legal.com\/#\/schema\/logo\/image\/"}},{"@type":"Person","@id":"https:\/\/velo-legal.com\/#\/schema\/person\/1cda78a69446bdb299acd3f1cdbb9aa2","name":"gonzalo","image":{"@type":"ImageObject","inLanguage":"en-US","@id":"https:\/\/secure.gravatar.com\/avatar\/54d3209800fe97a1e5c0b6f2947cd8e593a90be9e5c8f3c352990af0c67c6c7d?s=96&d=mm&r=g","url":"https:\/\/secure.gravatar.com\/avatar\/54d3209800fe97a1e5c0b6f2947cd8e593a90be9e5c8f3c352990af0c67c6c7d?s=96&d=mm&r=g","contentUrl":"https:\/\/secure.gravatar.com\/avatar\/54d3209800fe97a1e5c0b6f2947cd8e593a90be9e5c8f3c352990af0c67c6c7d?s=96&d=mm&r=g","caption":"gonzalo"},"sameAs":["https:\/\/velo-legal.com"],"url":"https:\/\/velo-legal.com\/en\/blog\/author\/gonzalo\/"}]}},"_links":{"self":[{"href":"https:\/\/velo-legal.com\/en\/wp-json\/wp\/v2\/posts\/11147","targetHints":{"allow":["GET"]}}],"collection":[{"href":"https:\/\/velo-legal.com\/en\/wp-json\/wp\/v2\/posts"}],"about":[{"href":"https:\/\/velo-legal.com\/en\/wp-json\/wp\/v2\/types\/post"}],"author":[{"embeddable":true,"href":"https:\/\/velo-legal.com\/en\/wp-json\/wp\/v2\/users\/1"}],"replies":[{"embeddable":true,"href":"https:\/\/velo-legal.com\/en\/wp-json\/wp\/v2\/comments?post=11147"}],"version-history":[{"count":1,"href":"https:\/\/velo-legal.com\/en\/wp-json\/wp\/v2\/posts\/11147\/revisions"}],"predecessor-version":[{"id":12219,"href":"https:\/\/velo-legal.com\/en\/wp-json\/wp\/v2\/posts\/11147\/revisions\/12219"}],"wp:featuredmedia":[{"embeddable":true,"href":"https:\/\/velo-legal.com\/en\/wp-json\/wp\/v2\/media\/11148"}],"wp:attachment":[{"href":"https:\/\/velo-legal.com\/en\/wp-json\/wp\/v2\/media?parent=11147"}],"wp:term":[{"taxonomy":"category","embeddable":true,"href":"https:\/\/velo-legal.com\/en\/wp-json\/wp\/v2\/categories?post=11147"},{"taxonomy":"post_tag","embeddable":true,"href":"https:\/\/velo-legal.com\/en\/wp-json\/wp\/v2\/tags?post=11147"}],"curies":[{"name":"wp","href":"https:\/\/api.w.org\/{rel}","templated":true}]}}