{"id":11141,"date":"2026-01-13T09:52:05","date_gmt":"2026-01-13T09:52:05","guid":{"rendered":"https:\/\/velo.riodigital.com.ar\/aspectos-legales-para-iniciar-tu-emprendimiento\/"},"modified":"2026-07-23T16:21:58","modified_gmt":"2026-07-23T16:21:58","slug":"aspectos-legales-para-iniciar-tu-emprendimiento","status":"publish","type":"post","link":"https:\/\/velo-legal.com\/en\/blog\/aspectos-legales-para-iniciar-tu-emprendimiento\/","title":{"rendered":"Aspectos legales para iniciar tu emprendimiento"},"content":{"rendered":"<p>Si se lo perdi\u00f3 o desea volver a verlo, aqu\u00ed le compartimos la grabaci\u00f3n del <a href=\"https:\/\/youtu.be\/D8c4m2do_sI\">Encuentro Capital: Aspectos Legales para iniciar tu Emprendimiento<\/a> | Recomendaciones y buenas pr\u00e1cticas, presentado por Mois\u00e9s Cohen, Presidente de la Junta Directiva de Capital Bank y nuestros directores Carolina De la Guardia y Juan Antonio Boyd.<\/p><p>Cualquier consulta, escr\u00edbanos a <a href=\"mailto:hola@velo-legal.com\">hola@velo-legal.com<\/a><\/p>","protected":false},"excerpt":{"rendered":"<p>Si se lo perdi\u00f3 o desea&hellip;<\/p>","protected":false},"author":1,"featured_media":11142,"comment_status":"open","ping_status":"open","sticky":false,"template":"","format":"standard","meta":{"footnotes":""},"categories":[78],"tags":[],"class_list":["post-11141","post","type-post","status-publish","format-standard","has-post-thumbnail","hentry","category-asesoria-legal-empresarial"],"yoast_head":"<!-- This site is optimized with the Yoast SEO plugin v28.4 - https:\/\/yoast.com\/product\/yoast-seo-wordpress\/ -->\n<title>Aspectos legales para iniciar tu emprendimiento - Velo Legal<\/title>\n<meta name=\"description\" content=\"Si se lo perdi\u00f3 o desea volver a verlo, aqu\u00ed le compartimos la grabaci\u00f3n del Encuentro Capital: Aspectos Legales para iniciar tu Emprendimiento |\" \/>\n<meta name=\"robots\" content=\"noindex, nofollow\" \/>\n<meta property=\"og:locale\" content=\"en_US\" \/>\n<meta property=\"og:type\" content=\"article\" \/>\n<meta property=\"og:title\" content=\"Aspectos legales para iniciar tu emprendimiento - Velo Legal\" \/>\n<meta property=\"og:description\" content=\"Si se lo perdi\u00f3 o desea volver a verlo, aqu\u00ed le compartimos la grabaci\u00f3n del Encuentro Capital: Aspectos Legales para iniciar tu Emprendimiento |\" \/>\n<meta property=\"og:url\" content=\"https:\/\/velo-legal.com\/en\/blog\/aspectos-legales-para-iniciar-tu-emprendimiento\/\" \/>\n<meta property=\"og:site_name\" content=\"Velo Legal\" \/>\n<meta property=\"article:published_time\" content=\"2026-01-13T09:52:05+00:00\" \/>\n<meta property=\"article:modified_time\" content=\"2026-07-23T16:21:58+00:00\" \/>\n<meta property=\"og:image\" content=\"https:\/\/velo-legal.com\/wp-content\/uploads\/2026\/01\/QJ2bhsc3TyT2sTj1ko6y7ngI.png\" \/>\n\t<meta property=\"og:image:width\" content=\"1734\" \/>\n\t<meta property=\"og:image:height\" content=\"1158\" \/>\n\t<meta property=\"og:image:type\" content=\"image\/png\" \/>\n<meta name=\"author\" content=\"gonzalo\" \/>\n<meta name=\"twitter:card\" content=\"summary_large_image\" \/>\n<meta name=\"twitter:label1\" content=\"Written by\" \/>\n\t<meta name=\"twitter:data1\" content=\"gonzalo\" \/>\n\t<meta name=\"twitter:label2\" content=\"Est. reading time\" \/>\n\t<meta name=\"twitter:data2\" content=\"1 minute\" \/>\n<script type=\"application\/ld+json\" class=\"yoast-schema-graph\">{\"@context\":\"https:\\\/\\\/schema.org\",\"@graph\":[{\"@type\":\"Article\",\"@id\":\"https:\\\/\\\/velo-legal.com\\\/blog\\\/aspectos-legales-para-iniciar-tu-emprendimiento\\\/#article\",\"isPartOf\":{\"@id\":\"https:\\\/\\\/velo-legal.com\\\/blog\\\/aspectos-legales-para-iniciar-tu-emprendimiento\\\/\"},\"author\":{\"name\":\"gonzalo\",\"@id\":\"https:\\\/\\\/velo-legal.com\\\/#\\\/schema\\\/person\\\/1cda78a69446bdb299acd3f1cdbb9aa2\"},\"headline\":\"Aspectos legales para iniciar tu emprendimiento\",\"datePublished\":\"2026-01-13T09:52:05+00:00\",\"dateModified\":\"2026-07-23T16:21:58+00:00\",\"mainEntityOfPage\":{\"@id\":\"https:\\\/\\\/velo-legal.com\\\/blog\\\/aspectos-legales-para-iniciar-tu-emprendimiento\\\/\"},\"wordCount\":67,\"commentCount\":0,\"publisher\":{\"@id\":\"https:\\\/\\\/velo-legal.com\\\/#organization\"},\"image\":{\"@id\":\"https:\\\/\\\/velo-legal.com\\\/blog\\\/aspectos-legales-para-iniciar-tu-emprendimiento\\\/#primaryimage\"},\"thumbnailUrl\":\"https:\\\/\\\/velo-legal.com\\\/wp-content\\\/uploads\\\/2026\\\/01\\\/QJ2bhsc3TyT2sTj1ko6y7ngI.png\",\"articleSection\":[\"Asesoria Legal Empresarial\"],\"inLanguage\":\"en-US\",\"potentialAction\":[{\"@type\":\"CommentAction\",\"name\":\"Comment\",\"target\":[\"https:\\\/\\\/velo-legal.com\\\/blog\\\/aspectos-legales-para-iniciar-tu-emprendimiento\\\/#respond\"]}]},{\"@type\":\"WebPage\",\"@id\":\"https:\\\/\\\/velo-legal.com\\\/blog\\\/aspectos-legales-para-iniciar-tu-emprendimiento\\\/\",\"url\":\"https:\\\/\\\/velo-legal.com\\\/blog\\\/aspectos-legales-para-iniciar-tu-emprendimiento\\\/\",\"name\":\"Aspectos legales para iniciar tu emprendimiento - Velo Legal\",\"isPartOf\":{\"@id\":\"https:\\\/\\\/velo-legal.com\\\/#website\"},\"primaryImageOfPage\":{\"@id\":\"https:\\\/\\\/velo-legal.com\\\/blog\\\/aspectos-legales-para-iniciar-tu-emprendimiento\\\/#primaryimage\"},\"image\":{\"@id\":\"https:\\\/\\\/velo-legal.com\\\/blog\\\/aspectos-legales-para-iniciar-tu-emprendimiento\\\/#primaryimage\"},\"thumbnailUrl\":\"https:\\\/\\\/velo-legal.com\\\/wp-content\\\/uploads\\\/2026\\\/01\\\/QJ2bhsc3TyT2sTj1ko6y7ngI.png\",\"datePublished\":\"2026-01-13T09:52:05+00:00\",\"dateModified\":\"2026-07-23T16:21:58+00:00\",\"description\":\"Si se lo perdi\u00f3 o desea volver a verlo, aqu\u00ed le compartimos la grabaci\u00f3n del Encuentro Capital: Aspectos Legales para iniciar tu Emprendimiento |\",\"breadcrumb\":{\"@id\":\"https:\\\/\\\/velo-legal.com\\\/blog\\\/aspectos-legales-para-iniciar-tu-emprendimiento\\\/#breadcrumb\"},\"inLanguage\":\"en-US\",\"potentialAction\":[{\"@type\":\"ReadAction\",\"target\":[\"https:\\\/\\\/velo-legal.com\\\/blog\\\/aspectos-legales-para-iniciar-tu-emprendimiento\\\/\"]}]},{\"@type\":\"ImageObject\",\"inLanguage\":\"en-US\",\"@id\":\"https:\\\/\\\/velo-legal.com\\\/blog\\\/aspectos-legales-para-iniciar-tu-emprendimiento\\\/#primaryimage\",\"url\":\"https:\\\/\\\/velo-legal.com\\\/wp-content\\\/uploads\\\/2026\\\/01\\\/QJ2bhsc3TyT2sTj1ko6y7ngI.png\",\"contentUrl\":\"https:\\\/\\\/velo-legal.com\\\/wp-content\\\/uploads\\\/2026\\\/01\\\/QJ2bhsc3TyT2sTj1ko6y7ngI.png\",\"width\":1734,\"height\":1158},{\"@type\":\"BreadcrumbList\",\"@id\":\"https:\\\/\\\/velo-legal.com\\\/blog\\\/aspectos-legales-para-iniciar-tu-emprendimiento\\\/#breadcrumb\",\"itemListElement\":[{\"@type\":\"ListItem\",\"position\":1,\"name\":\"Portada\",\"item\":\"https:\\\/\\\/velo-legal.com\\\/\"},{\"@type\":\"ListItem\",\"position\":2,\"name\":\"Aspectos legales para iniciar tu emprendimiento\"}]},{\"@type\":\"WebSite\",\"@id\":\"https:\\\/\\\/velo-legal.com\\\/#website\",\"url\":\"https:\\\/\\\/velo-legal.com\\\/\",\"name\":\"Velo Legal\",\"description\":\"Abogados\",\"publisher\":{\"@id\":\"https:\\\/\\\/velo-legal.com\\\/#organization\"},\"potentialAction\":[{\"@type\":\"SearchAction\",\"target\":{\"@type\":\"EntryPoint\",\"urlTemplate\":\"https:\\\/\\\/velo-legal.com\\\/?s={search_term_string}\"},\"query-input\":{\"@type\":\"PropertyValueSpecification\",\"valueRequired\":true,\"valueName\":\"search_term_string\"}}],\"inLanguage\":\"en-US\"},{\"@type\":\"Organization\",\"@id\":\"https:\\\/\\\/velo-legal.com\\\/#organization\",\"name\":\"%%sitename%%\",\"url\":\"https:\\\/\\\/velo-legal.com\\\/\",\"logo\":{\"@type\":\"ImageObject\",\"inLanguage\":\"en-US\",\"@id\":\"https:\\\/\\\/velo-legal.com\\\/#\\\/schema\\\/logo\\\/image\\\/\",\"url\":\"https:\\\/\\\/velo-legal.com\\\/wp-content\\\/uploads\\\/2025\\\/11\\\/cropped-Velo_Logotipo3_rgb-1.png\",\"contentUrl\":\"https:\\\/\\\/velo-legal.com\\\/wp-content\\\/uploads\\\/2025\\\/11\\\/cropped-Velo_Logotipo3_rgb-1.png\",\"width\":512,\"height\":512,\"caption\":\"%%sitename%%\"},\"image\":{\"@id\":\"https:\\\/\\\/velo-legal.com\\\/#\\\/schema\\\/logo\\\/image\\\/\"}},{\"@type\":\"Person\",\"@id\":\"https:\\\/\\\/velo-legal.com\\\/#\\\/schema\\\/person\\\/1cda78a69446bdb299acd3f1cdbb9aa2\",\"name\":\"gonzalo\",\"image\":{\"@type\":\"ImageObject\",\"inLanguage\":\"en-US\",\"@id\":\"https:\\\/\\\/secure.gravatar.com\\\/avatar\\\/54d3209800fe97a1e5c0b6f2947cd8e593a90be9e5c8f3c352990af0c67c6c7d?s=96&d=mm&r=g\",\"url\":\"https:\\\/\\\/secure.gravatar.com\\\/avatar\\\/54d3209800fe97a1e5c0b6f2947cd8e593a90be9e5c8f3c352990af0c67c6c7d?s=96&d=mm&r=g\",\"contentUrl\":\"https:\\\/\\\/secure.gravatar.com\\\/avatar\\\/54d3209800fe97a1e5c0b6f2947cd8e593a90be9e5c8f3c352990af0c67c6c7d?s=96&d=mm&r=g\",\"caption\":\"gonzalo\"},\"sameAs\":[\"https:\\\/\\\/velo-legal.com\"],\"url\":\"https:\\\/\\\/velo-legal.com\\\/en\\\/blog\\\/author\\\/gonzalo\\\/\"}]}<\/script>\n<!-- \/ Yoast SEO plugin. -->","yoast_head_json":{"title":"Aspectos legales para iniciar tu emprendimiento - Velo Legal","description":"Si se lo perdi\u00f3 o desea volver a verlo, aqu\u00ed le compartimos la grabaci\u00f3n del Encuentro Capital: Aspectos Legales para iniciar tu Emprendimiento |","robots":{"index":"noindex","follow":"nofollow"},"og_locale":"en_US","og_type":"article","og_title":"Aspectos legales para iniciar tu emprendimiento - Velo Legal","og_description":"Si se lo perdi\u00f3 o desea volver a verlo, aqu\u00ed le compartimos la grabaci\u00f3n del Encuentro Capital: Aspectos Legales para iniciar tu Emprendimiento |","og_url":"https:\/\/velo-legal.com\/en\/blog\/aspectos-legales-para-iniciar-tu-emprendimiento\/","og_site_name":"Velo Legal","article_published_time":"2026-01-13T09:52:05+00:00","article_modified_time":"2026-07-23T16:21:58+00:00","og_image":[{"width":1734,"height":1158,"url":"https:\/\/velo-legal.com\/wp-content\/uploads\/2026\/01\/QJ2bhsc3TyT2sTj1ko6y7ngI.png","type":"image\/png"}],"author":"gonzalo","twitter_card":"summary_large_image","twitter_misc":{"Written by":"gonzalo","Est. reading time":"1 minute"},"schema":{"@context":"https:\/\/schema.org","@graph":[{"@type":"Article","@id":"https:\/\/velo-legal.com\/blog\/aspectos-legales-para-iniciar-tu-emprendimiento\/#article","isPartOf":{"@id":"https:\/\/velo-legal.com\/blog\/aspectos-legales-para-iniciar-tu-emprendimiento\/"},"author":{"name":"gonzalo","@id":"https:\/\/velo-legal.com\/#\/schema\/person\/1cda78a69446bdb299acd3f1cdbb9aa2"},"headline":"Aspectos legales para iniciar tu emprendimiento","datePublished":"2026-01-13T09:52:05+00:00","dateModified":"2026-07-23T16:21:58+00:00","mainEntityOfPage":{"@id":"https:\/\/velo-legal.com\/blog\/aspectos-legales-para-iniciar-tu-emprendimiento\/"},"wordCount":67,"commentCount":0,"publisher":{"@id":"https:\/\/velo-legal.com\/#organization"},"image":{"@id":"https:\/\/velo-legal.com\/blog\/aspectos-legales-para-iniciar-tu-emprendimiento\/#primaryimage"},"thumbnailUrl":"https:\/\/velo-legal.com\/wp-content\/uploads\/2026\/01\/QJ2bhsc3TyT2sTj1ko6y7ngI.png","articleSection":["Asesoria Legal Empresarial"],"inLanguage":"en-US","potentialAction":[{"@type":"CommentAction","name":"Comment","target":["https:\/\/velo-legal.com\/blog\/aspectos-legales-para-iniciar-tu-emprendimiento\/#respond"]}]},{"@type":"WebPage","@id":"https:\/\/velo-legal.com\/blog\/aspectos-legales-para-iniciar-tu-emprendimiento\/","url":"https:\/\/velo-legal.com\/blog\/aspectos-legales-para-iniciar-tu-emprendimiento\/","name":"Aspectos legales para iniciar tu emprendimiento - Velo Legal","isPartOf":{"@id":"https:\/\/velo-legal.com\/#website"},"primaryImageOfPage":{"@id":"https:\/\/velo-legal.com\/blog\/aspectos-legales-para-iniciar-tu-emprendimiento\/#primaryimage"},"image":{"@id":"https:\/\/velo-legal.com\/blog\/aspectos-legales-para-iniciar-tu-emprendimiento\/#primaryimage"},"thumbnailUrl":"https:\/\/velo-legal.com\/wp-content\/uploads\/2026\/01\/QJ2bhsc3TyT2sTj1ko6y7ngI.png","datePublished":"2026-01-13T09:52:05+00:00","dateModified":"2026-07-23T16:21:58+00:00","description":"Si se lo perdi\u00f3 o desea volver a verlo, aqu\u00ed le compartimos la grabaci\u00f3n del Encuentro Capital: Aspectos Legales para iniciar tu Emprendimiento |","breadcrumb":{"@id":"https:\/\/velo-legal.com\/blog\/aspectos-legales-para-iniciar-tu-emprendimiento\/#breadcrumb"},"inLanguage":"en-US","potentialAction":[{"@type":"ReadAction","target":["https:\/\/velo-legal.com\/blog\/aspectos-legales-para-iniciar-tu-emprendimiento\/"]}]},{"@type":"ImageObject","inLanguage":"en-US","@id":"https:\/\/velo-legal.com\/blog\/aspectos-legales-para-iniciar-tu-emprendimiento\/#primaryimage","url":"https:\/\/velo-legal.com\/wp-content\/uploads\/2026\/01\/QJ2bhsc3TyT2sTj1ko6y7ngI.png","contentUrl":"https:\/\/velo-legal.com\/wp-content\/uploads\/2026\/01\/QJ2bhsc3TyT2sTj1ko6y7ngI.png","width":1734,"height":1158},{"@type":"BreadcrumbList","@id":"https:\/\/velo-legal.com\/blog\/aspectos-legales-para-iniciar-tu-emprendimiento\/#breadcrumb","itemListElement":[{"@type":"ListItem","position":1,"name":"Portada","item":"https:\/\/velo-legal.com\/"},{"@type":"ListItem","position":2,"name":"Aspectos legales para iniciar tu emprendimiento"}]},{"@type":"WebSite","@id":"https:\/\/velo-legal.com\/#website","url":"https:\/\/velo-legal.com\/","name":"Velo Legal","description":"Abogados","publisher":{"@id":"https:\/\/velo-legal.com\/#organization"},"potentialAction":[{"@type":"SearchAction","target":{"@type":"EntryPoint","urlTemplate":"https:\/\/velo-legal.com\/?s={search_term_string}"},"query-input":{"@type":"PropertyValueSpecification","valueRequired":true,"valueName":"search_term_string"}}],"inLanguage":"en-US"},{"@type":"Organization","@id":"https:\/\/velo-legal.com\/#organization","name":"%%sitename%%","url":"https:\/\/velo-legal.com\/","logo":{"@type":"ImageObject","inLanguage":"en-US","@id":"https:\/\/velo-legal.com\/#\/schema\/logo\/image\/","url":"https:\/\/velo-legal.com\/wp-content\/uploads\/2025\/11\/cropped-Velo_Logotipo3_rgb-1.png","contentUrl":"https:\/\/velo-legal.com\/wp-content\/uploads\/2025\/11\/cropped-Velo_Logotipo3_rgb-1.png","width":512,"height":512,"caption":"%%sitename%%"},"image":{"@id":"https:\/\/velo-legal.com\/#\/schema\/logo\/image\/"}},{"@type":"Person","@id":"https:\/\/velo-legal.com\/#\/schema\/person\/1cda78a69446bdb299acd3f1cdbb9aa2","name":"gonzalo","image":{"@type":"ImageObject","inLanguage":"en-US","@id":"https:\/\/secure.gravatar.com\/avatar\/54d3209800fe97a1e5c0b6f2947cd8e593a90be9e5c8f3c352990af0c67c6c7d?s=96&d=mm&r=g","url":"https:\/\/secure.gravatar.com\/avatar\/54d3209800fe97a1e5c0b6f2947cd8e593a90be9e5c8f3c352990af0c67c6c7d?s=96&d=mm&r=g","contentUrl":"https:\/\/secure.gravatar.com\/avatar\/54d3209800fe97a1e5c0b6f2947cd8e593a90be9e5c8f3c352990af0c67c6c7d?s=96&d=mm&r=g","caption":"gonzalo"},"sameAs":["https:\/\/velo-legal.com"],"url":"https:\/\/velo-legal.com\/en\/blog\/author\/gonzalo\/"}]}},"_links":{"self":[{"href":"https:\/\/velo-legal.com\/en\/wp-json\/wp\/v2\/posts\/11141","targetHints":{"allow":["GET"]}}],"collection":[{"href":"https:\/\/velo-legal.com\/en\/wp-json\/wp\/v2\/posts"}],"about":[{"href":"https:\/\/velo-legal.com\/en\/wp-json\/wp\/v2\/types\/post"}],"author":[{"embeddable":true,"href":"https:\/\/velo-legal.com\/en\/wp-json\/wp\/v2\/users\/1"}],"replies":[{"embeddable":true,"href":"https:\/\/velo-legal.com\/en\/wp-json\/wp\/v2\/comments?post=11141"}],"version-history":[{"count":1,"href":"https:\/\/velo-legal.com\/en\/wp-json\/wp\/v2\/posts\/11141\/revisions"}],"predecessor-version":[{"id":12231,"href":"https:\/\/velo-legal.com\/en\/wp-json\/wp\/v2\/posts\/11141\/revisions\/12231"}],"wp:featuredmedia":[{"embeddable":true,"href":"https:\/\/velo-legal.com\/en\/wp-json\/wp\/v2\/media\/11142"}],"wp:attachment":[{"href":"https:\/\/velo-legal.com\/en\/wp-json\/wp\/v2\/media?parent=11141"}],"wp:term":[{"taxonomy":"category","embeddable":true,"href":"https:\/\/velo-legal.com\/en\/wp-json\/wp\/v2\/categories?post=11141"},{"taxonomy":"post_tag","embeddable":true,"href":"https:\/\/velo-legal.com\/en\/wp-json\/wp\/v2\/tags?post=11141"}],"curies":[{"name":"wp","href":"https:\/\/api.w.org\/{rel}","templated":true}]}}