{"id":11137,"date":"2026-01-13T09:52:05","date_gmt":"2026-01-13T09:52:05","guid":{"rendered":"https:\/\/velo.riodigital.com.ar\/bienvenido-juan-raul-vega-c\/"},"modified":"2026-07-23T16:08:07","modified_gmt":"2026-07-23T16:08:07","slug":"bienvenido-juan-raul-vega-c","status":"publish","type":"post","link":"https:\/\/velo-legal.com\/en\/blog\/bienvenido-juan-raul-vega-c\/","title":{"rendered":"Bienvenido Juan Ra\u00fal Vega"},"content":{"rendered":"<p><strong>En Vel\u00f3 seguimos creciendo, \u00a1ahora son m\u00e1s los abogados de este siglo con los que puedes contar!\u2063<\/strong><br>\u2063<br>Damos la bienvenida a Juan Ra\u00fal Vega Croker a nuestro equipo. Juan Ra\u00fal es egresado de la USMA y recientemente culmin\u00f3 su Maestr\u00eda en Derecho (LLM), con \u00e9nfasis en Derecho Corporativo en New York University, E.E. U.U.<br>\u2063<br>Juan Ra\u00fal atender\u00e1 asuntos relacionados a temas Corporativos y Comerciales. Conoce m\u00e1s acerca de \u00e9l <a href=\"https:\/\/velo-legal.com\/en\/juan-raul-vega\/\">aqu\u00ed<\/a>.<\/p>","protected":false},"excerpt":{"rendered":"<p>En Vel\u00f3 seguimos creciendo, \u00a1ahora son&hellip;<\/p>","protected":false},"author":1,"featured_media":11138,"comment_status":"open","ping_status":"open","sticky":false,"template":"","format":"standard","meta":{"footnotes":""},"categories":[78],"tags":[],"class_list":["post-11137","post","type-post","status-publish","format-standard","has-post-thumbnail","hentry","category-asesoria-legal-empresarial"],"yoast_head":"<!-- This site is optimized with the Yoast SEO plugin v28.4 - https:\/\/yoast.com\/product\/yoast-seo-wordpress\/ -->\n<title>Bienvenido Juan Ra\u00fal Vega - Velo Legal<\/title>\n<meta name=\"description\" content=\"En Vel\u00f3 seguimos creciendo, \u00a1ahora son m\u00e1s los abogados de este siglo con los que puedes contar!\u2063\u2063Damos la bienvenida a Juan Ra\u00fal Vega Croker a nuestro\" \/>\n<meta name=\"robots\" content=\"noindex, nofollow\" \/>\n<meta property=\"og:locale\" content=\"en_US\" \/>\n<meta property=\"og:type\" content=\"article\" \/>\n<meta property=\"og:title\" content=\"Bienvenido Juan Ra\u00fal Vega - Velo Legal\" \/>\n<meta property=\"og:description\" content=\"En Vel\u00f3 seguimos creciendo, \u00a1ahora son m\u00e1s los abogados de este siglo con los que puedes contar!\u2063\u2063Damos la bienvenida a Juan Ra\u00fal Vega Croker a nuestro\" \/>\n<meta property=\"og:url\" content=\"https:\/\/velo-legal.com\/en\/blog\/bienvenido-juan-raul-vega-c\/\" \/>\n<meta property=\"og:site_name\" content=\"Velo Legal\" \/>\n<meta property=\"article:published_time\" content=\"2026-01-13T09:52:05+00:00\" \/>\n<meta property=\"article:modified_time\" content=\"2026-07-23T16:08:07+00:00\" \/>\n<meta property=\"og:image\" content=\"https:\/\/velo-legal.com\/wp-content\/uploads\/2026\/01\/0eM0EeOQ6Xn5Qeik55eG34XqSE.png\" \/>\n\t<meta property=\"og:image:width\" content=\"500\" \/>\n\t<meta property=\"og:image:height\" content=\"351\" \/>\n\t<meta property=\"og:image:type\" content=\"image\/png\" \/>\n<meta name=\"author\" content=\"gonzalo\" \/>\n<meta name=\"twitter:card\" content=\"summary_large_image\" \/>\n<meta name=\"twitter:label1\" content=\"Written by\" \/>\n\t<meta name=\"twitter:data1\" content=\"gonzalo\" \/>\n\t<meta name=\"twitter:label2\" content=\"Est. reading time\" \/>\n\t<meta name=\"twitter:data2\" content=\"1 minute\" \/>\n<script type=\"application\/ld+json\" class=\"yoast-schema-graph\">{\"@context\":\"https:\\\/\\\/schema.org\",\"@graph\":[{\"@type\":\"Article\",\"@id\":\"https:\\\/\\\/velo-legal.com\\\/blog\\\/bienvenido-juan-raul-vega-c\\\/#article\",\"isPartOf\":{\"@id\":\"https:\\\/\\\/velo-legal.com\\\/blog\\\/bienvenido-juan-raul-vega-c\\\/\"},\"author\":{\"name\":\"gonzalo\",\"@id\":\"https:\\\/\\\/velo-legal.com\\\/#\\\/schema\\\/person\\\/1cda78a69446bdb299acd3f1cdbb9aa2\"},\"headline\":\"Bienvenido Juan Ra\u00fal Vega\",\"datePublished\":\"2026-01-13T09:52:05+00:00\",\"dateModified\":\"2026-07-23T16:08:07+00:00\",\"mainEntityOfPage\":{\"@id\":\"https:\\\/\\\/velo-legal.com\\\/blog\\\/bienvenido-juan-raul-vega-c\\\/\"},\"wordCount\":83,\"commentCount\":0,\"publisher\":{\"@id\":\"https:\\\/\\\/velo-legal.com\\\/#organization\"},\"image\":{\"@id\":\"https:\\\/\\\/velo-legal.com\\\/blog\\\/bienvenido-juan-raul-vega-c\\\/#primaryimage\"},\"thumbnailUrl\":\"https:\\\/\\\/velo-legal.com\\\/wp-content\\\/uploads\\\/2026\\\/01\\\/0eM0EeOQ6Xn5Qeik55eG34XqSE.png\",\"articleSection\":[\"Asesoria Legal Empresarial\"],\"inLanguage\":\"en-US\",\"potentialAction\":[{\"@type\":\"CommentAction\",\"name\":\"Comment\",\"target\":[\"https:\\\/\\\/velo-legal.com\\\/blog\\\/bienvenido-juan-raul-vega-c\\\/#respond\"]}]},{\"@type\":\"WebPage\",\"@id\":\"https:\\\/\\\/velo-legal.com\\\/blog\\\/bienvenido-juan-raul-vega-c\\\/\",\"url\":\"https:\\\/\\\/velo-legal.com\\\/blog\\\/bienvenido-juan-raul-vega-c\\\/\",\"name\":\"Bienvenido Juan Ra\u00fal Vega - Velo Legal\",\"isPartOf\":{\"@id\":\"https:\\\/\\\/velo-legal.com\\\/#website\"},\"primaryImageOfPage\":{\"@id\":\"https:\\\/\\\/velo-legal.com\\\/blog\\\/bienvenido-juan-raul-vega-c\\\/#primaryimage\"},\"image\":{\"@id\":\"https:\\\/\\\/velo-legal.com\\\/blog\\\/bienvenido-juan-raul-vega-c\\\/#primaryimage\"},\"thumbnailUrl\":\"https:\\\/\\\/velo-legal.com\\\/wp-content\\\/uploads\\\/2026\\\/01\\\/0eM0EeOQ6Xn5Qeik55eG34XqSE.png\",\"datePublished\":\"2026-01-13T09:52:05+00:00\",\"dateModified\":\"2026-07-23T16:08:07+00:00\",\"description\":\"En Vel\u00f3 seguimos creciendo, \u00a1ahora son m\u00e1s los abogados de este siglo con los que puedes contar!\u2063\u2063Damos la bienvenida a Juan Ra\u00fal Vega Croker a nuestro\",\"breadcrumb\":{\"@id\":\"https:\\\/\\\/velo-legal.com\\\/blog\\\/bienvenido-juan-raul-vega-c\\\/#breadcrumb\"},\"inLanguage\":\"en-US\",\"potentialAction\":[{\"@type\":\"ReadAction\",\"target\":[\"https:\\\/\\\/velo-legal.com\\\/blog\\\/bienvenido-juan-raul-vega-c\\\/\"]}]},{\"@type\":\"ImageObject\",\"inLanguage\":\"en-US\",\"@id\":\"https:\\\/\\\/velo-legal.com\\\/blog\\\/bienvenido-juan-raul-vega-c\\\/#primaryimage\",\"url\":\"https:\\\/\\\/velo-legal.com\\\/wp-content\\\/uploads\\\/2026\\\/01\\\/0eM0EeOQ6Xn5Qeik55eG34XqSE.png\",\"contentUrl\":\"https:\\\/\\\/velo-legal.com\\\/wp-content\\\/uploads\\\/2026\\\/01\\\/0eM0EeOQ6Xn5Qeik55eG34XqSE.png\",\"width\":500,\"height\":351},{\"@type\":\"BreadcrumbList\",\"@id\":\"https:\\\/\\\/velo-legal.com\\\/blog\\\/bienvenido-juan-raul-vega-c\\\/#breadcrumb\",\"itemListElement\":[{\"@type\":\"ListItem\",\"position\":1,\"name\":\"Portada\",\"item\":\"https:\\\/\\\/velo-legal.com\\\/\"},{\"@type\":\"ListItem\",\"position\":2,\"name\":\"Bienvenido Juan Ra\u00fal Vega\"}]},{\"@type\":\"WebSite\",\"@id\":\"https:\\\/\\\/velo-legal.com\\\/#website\",\"url\":\"https:\\\/\\\/velo-legal.com\\\/\",\"name\":\"Velo Legal\",\"description\":\"Abogados\",\"publisher\":{\"@id\":\"https:\\\/\\\/velo-legal.com\\\/#organization\"},\"potentialAction\":[{\"@type\":\"SearchAction\",\"target\":{\"@type\":\"EntryPoint\",\"urlTemplate\":\"https:\\\/\\\/velo-legal.com\\\/?s={search_term_string}\"},\"query-input\":{\"@type\":\"PropertyValueSpecification\",\"valueRequired\":true,\"valueName\":\"search_term_string\"}}],\"inLanguage\":\"en-US\"},{\"@type\":\"Organization\",\"@id\":\"https:\\\/\\\/velo-legal.com\\\/#organization\",\"name\":\"%%sitename%%\",\"url\":\"https:\\\/\\\/velo-legal.com\\\/\",\"logo\":{\"@type\":\"ImageObject\",\"inLanguage\":\"en-US\",\"@id\":\"https:\\\/\\\/velo-legal.com\\\/#\\\/schema\\\/logo\\\/image\\\/\",\"url\":\"https:\\\/\\\/velo-legal.com\\\/wp-content\\\/uploads\\\/2025\\\/11\\\/cropped-Velo_Logotipo3_rgb-1.png\",\"contentUrl\":\"https:\\\/\\\/velo-legal.com\\\/wp-content\\\/uploads\\\/2025\\\/11\\\/cropped-Velo_Logotipo3_rgb-1.png\",\"width\":512,\"height\":512,\"caption\":\"%%sitename%%\"},\"image\":{\"@id\":\"https:\\\/\\\/velo-legal.com\\\/#\\\/schema\\\/logo\\\/image\\\/\"}},{\"@type\":\"Person\",\"@id\":\"https:\\\/\\\/velo-legal.com\\\/#\\\/schema\\\/person\\\/1cda78a69446bdb299acd3f1cdbb9aa2\",\"name\":\"gonzalo\",\"image\":{\"@type\":\"ImageObject\",\"inLanguage\":\"en-US\",\"@id\":\"https:\\\/\\\/secure.gravatar.com\\\/avatar\\\/54d3209800fe97a1e5c0b6f2947cd8e593a90be9e5c8f3c352990af0c67c6c7d?s=96&d=mm&r=g\",\"url\":\"https:\\\/\\\/secure.gravatar.com\\\/avatar\\\/54d3209800fe97a1e5c0b6f2947cd8e593a90be9e5c8f3c352990af0c67c6c7d?s=96&d=mm&r=g\",\"contentUrl\":\"https:\\\/\\\/secure.gravatar.com\\\/avatar\\\/54d3209800fe97a1e5c0b6f2947cd8e593a90be9e5c8f3c352990af0c67c6c7d?s=96&d=mm&r=g\",\"caption\":\"gonzalo\"},\"sameAs\":[\"https:\\\/\\\/velo-legal.com\"],\"url\":\"https:\\\/\\\/velo-legal.com\\\/en\\\/blog\\\/author\\\/gonzalo\\\/\"}]}<\/script>\n<!-- \/ Yoast SEO plugin. -->","yoast_head_json":{"title":"Bienvenido Juan Ra\u00fal Vega - Velo Legal","description":"En Vel\u00f3 seguimos creciendo, \u00a1ahora son m\u00e1s los abogados de este siglo con los que puedes contar!\u2063\u2063Damos la bienvenida a Juan Ra\u00fal Vega Croker a nuestro","robots":{"index":"noindex","follow":"nofollow"},"og_locale":"en_US","og_type":"article","og_title":"Bienvenido Juan Ra\u00fal Vega - Velo Legal","og_description":"En Vel\u00f3 seguimos creciendo, \u00a1ahora son m\u00e1s los abogados de este siglo con los que puedes contar!\u2063\u2063Damos la bienvenida a Juan Ra\u00fal Vega Croker a nuestro","og_url":"https:\/\/velo-legal.com\/en\/blog\/bienvenido-juan-raul-vega-c\/","og_site_name":"Velo Legal","article_published_time":"2026-01-13T09:52:05+00:00","article_modified_time":"2026-07-23T16:08:07+00:00","og_image":[{"width":500,"height":351,"url":"https:\/\/velo-legal.com\/wp-content\/uploads\/2026\/01\/0eM0EeOQ6Xn5Qeik55eG34XqSE.png","type":"image\/png"}],"author":"gonzalo","twitter_card":"summary_large_image","twitter_misc":{"Written by":"gonzalo","Est. reading time":"1 minute"},"schema":{"@context":"https:\/\/schema.org","@graph":[{"@type":"Article","@id":"https:\/\/velo-legal.com\/blog\/bienvenido-juan-raul-vega-c\/#article","isPartOf":{"@id":"https:\/\/velo-legal.com\/blog\/bienvenido-juan-raul-vega-c\/"},"author":{"name":"gonzalo","@id":"https:\/\/velo-legal.com\/#\/schema\/person\/1cda78a69446bdb299acd3f1cdbb9aa2"},"headline":"Bienvenido Juan Ra\u00fal Vega","datePublished":"2026-01-13T09:52:05+00:00","dateModified":"2026-07-23T16:08:07+00:00","mainEntityOfPage":{"@id":"https:\/\/velo-legal.com\/blog\/bienvenido-juan-raul-vega-c\/"},"wordCount":83,"commentCount":0,"publisher":{"@id":"https:\/\/velo-legal.com\/#organization"},"image":{"@id":"https:\/\/velo-legal.com\/blog\/bienvenido-juan-raul-vega-c\/#primaryimage"},"thumbnailUrl":"https:\/\/velo-legal.com\/wp-content\/uploads\/2026\/01\/0eM0EeOQ6Xn5Qeik55eG34XqSE.png","articleSection":["Asesoria Legal Empresarial"],"inLanguage":"en-US","potentialAction":[{"@type":"CommentAction","name":"Comment","target":["https:\/\/velo-legal.com\/blog\/bienvenido-juan-raul-vega-c\/#respond"]}]},{"@type":"WebPage","@id":"https:\/\/velo-legal.com\/blog\/bienvenido-juan-raul-vega-c\/","url":"https:\/\/velo-legal.com\/blog\/bienvenido-juan-raul-vega-c\/","name":"Bienvenido Juan Ra\u00fal Vega - Velo Legal","isPartOf":{"@id":"https:\/\/velo-legal.com\/#website"},"primaryImageOfPage":{"@id":"https:\/\/velo-legal.com\/blog\/bienvenido-juan-raul-vega-c\/#primaryimage"},"image":{"@id":"https:\/\/velo-legal.com\/blog\/bienvenido-juan-raul-vega-c\/#primaryimage"},"thumbnailUrl":"https:\/\/velo-legal.com\/wp-content\/uploads\/2026\/01\/0eM0EeOQ6Xn5Qeik55eG34XqSE.png","datePublished":"2026-01-13T09:52:05+00:00","dateModified":"2026-07-23T16:08:07+00:00","description":"En Vel\u00f3 seguimos creciendo, \u00a1ahora son m\u00e1s los abogados de este siglo con los que puedes contar!\u2063\u2063Damos la bienvenida a Juan Ra\u00fal Vega Croker a nuestro","breadcrumb":{"@id":"https:\/\/velo-legal.com\/blog\/bienvenido-juan-raul-vega-c\/#breadcrumb"},"inLanguage":"en-US","potentialAction":[{"@type":"ReadAction","target":["https:\/\/velo-legal.com\/blog\/bienvenido-juan-raul-vega-c\/"]}]},{"@type":"ImageObject","inLanguage":"en-US","@id":"https:\/\/velo-legal.com\/blog\/bienvenido-juan-raul-vega-c\/#primaryimage","url":"https:\/\/velo-legal.com\/wp-content\/uploads\/2026\/01\/0eM0EeOQ6Xn5Qeik55eG34XqSE.png","contentUrl":"https:\/\/velo-legal.com\/wp-content\/uploads\/2026\/01\/0eM0EeOQ6Xn5Qeik55eG34XqSE.png","width":500,"height":351},{"@type":"BreadcrumbList","@id":"https:\/\/velo-legal.com\/blog\/bienvenido-juan-raul-vega-c\/#breadcrumb","itemListElement":[{"@type":"ListItem","position":1,"name":"Portada","item":"https:\/\/velo-legal.com\/"},{"@type":"ListItem","position":2,"name":"Bienvenido Juan Ra\u00fal Vega"}]},{"@type":"WebSite","@id":"https:\/\/velo-legal.com\/#website","url":"https:\/\/velo-legal.com\/","name":"Velo Legal","description":"Abogados","publisher":{"@id":"https:\/\/velo-legal.com\/#organization"},"potentialAction":[{"@type":"SearchAction","target":{"@type":"EntryPoint","urlTemplate":"https:\/\/velo-legal.com\/?s={search_term_string}"},"query-input":{"@type":"PropertyValueSpecification","valueRequired":true,"valueName":"search_term_string"}}],"inLanguage":"en-US"},{"@type":"Organization","@id":"https:\/\/velo-legal.com\/#organization","name":"%%sitename%%","url":"https:\/\/velo-legal.com\/","logo":{"@type":"ImageObject","inLanguage":"en-US","@id":"https:\/\/velo-legal.com\/#\/schema\/logo\/image\/","url":"https:\/\/velo-legal.com\/wp-content\/uploads\/2025\/11\/cropped-Velo_Logotipo3_rgb-1.png","contentUrl":"https:\/\/velo-legal.com\/wp-content\/uploads\/2025\/11\/cropped-Velo_Logotipo3_rgb-1.png","width":512,"height":512,"caption":"%%sitename%%"},"image":{"@id":"https:\/\/velo-legal.com\/#\/schema\/logo\/image\/"}},{"@type":"Person","@id":"https:\/\/velo-legal.com\/#\/schema\/person\/1cda78a69446bdb299acd3f1cdbb9aa2","name":"gonzalo","image":{"@type":"ImageObject","inLanguage":"en-US","@id":"https:\/\/secure.gravatar.com\/avatar\/54d3209800fe97a1e5c0b6f2947cd8e593a90be9e5c8f3c352990af0c67c6c7d?s=96&d=mm&r=g","url":"https:\/\/secure.gravatar.com\/avatar\/54d3209800fe97a1e5c0b6f2947cd8e593a90be9e5c8f3c352990af0c67c6c7d?s=96&d=mm&r=g","contentUrl":"https:\/\/secure.gravatar.com\/avatar\/54d3209800fe97a1e5c0b6f2947cd8e593a90be9e5c8f3c352990af0c67c6c7d?s=96&d=mm&r=g","caption":"gonzalo"},"sameAs":["https:\/\/velo-legal.com"],"url":"https:\/\/velo-legal.com\/en\/blog\/author\/gonzalo\/"}]}},"_links":{"self":[{"href":"https:\/\/velo-legal.com\/en\/wp-json\/wp\/v2\/posts\/11137","targetHints":{"allow":["GET"]}}],"collection":[{"href":"https:\/\/velo-legal.com\/en\/wp-json\/wp\/v2\/posts"}],"about":[{"href":"https:\/\/velo-legal.com\/en\/wp-json\/wp\/v2\/types\/post"}],"author":[{"embeddable":true,"href":"https:\/\/velo-legal.com\/en\/wp-json\/wp\/v2\/users\/1"}],"replies":[{"embeddable":true,"href":"https:\/\/velo-legal.com\/en\/wp-json\/wp\/v2\/comments?post=11137"}],"version-history":[{"count":1,"href":"https:\/\/velo-legal.com\/en\/wp-json\/wp\/v2\/posts\/11137\/revisions"}],"predecessor-version":[{"id":12226,"href":"https:\/\/velo-legal.com\/en\/wp-json\/wp\/v2\/posts\/11137\/revisions\/12226"}],"wp:featuredmedia":[{"embeddable":true,"href":"https:\/\/velo-legal.com\/en\/wp-json\/wp\/v2\/media\/11138"}],"wp:attachment":[{"href":"https:\/\/velo-legal.com\/en\/wp-json\/wp\/v2\/media?parent=11137"}],"wp:term":[{"taxonomy":"category","embeddable":true,"href":"https:\/\/velo-legal.com\/en\/wp-json\/wp\/v2\/categories?post=11137"},{"taxonomy":"post_tag","embeddable":true,"href":"https:\/\/velo-legal.com\/en\/wp-json\/wp\/v2\/tags?post=11137"}],"curies":[{"name":"wp","href":"https:\/\/api.w.org\/{rel}","templated":true}]}}