{"id":11099,"date":"2026-01-13T09:50:27","date_gmt":"2026-01-13T09:50:27","guid":{"rendered":"https:\/\/velo.riodigital.com.ar\/opciones-para-manejar-la-ausencia-laboral-en-los-casos-de-cuarentena-por-contacto-estrecho\/"},"modified":"2026-01-13T09:50:27","modified_gmt":"2026-01-13T09:50:27","slug":"opciones-para-manejar-la-ausencia-laboral-en-los-casos-de-cuarentena-por-contacto-estrecho","status":"publish","type":"post","link":"https:\/\/velo-legal.com\/en\/blog\/opciones-para-manejar-la-ausencia-laboral-en-los-casos-de-cuarentena-por-contacto-estrecho\/","title":{"rendered":"Manejo de ausencia laboral en casos de cuarentena"},"content":{"rendered":"<p><strong>Opciones para manejar la ausencia laboral en los casos de cuarentena por contacto estrecho<\/strong><\/p><p>Te recordamos que el contacto estrecho comunitario es el contacto cercano, f\u00edsico, directo con un paciente COVID-19, a menos de 2 metros por un periodo de 15 minutos o m\u00e1s, sin mascarilla o su uso inadecuado, seg\u00fan lo ha establecido el Ministerio de Salud.<\/p><p>Qui\u00e9n debe realizar cuarentena de 5 d\u00edas:<\/p><p>1. Quien haya tenido contacto estrecho con un paciente positivo y haya desarrollado s\u00edntomas, sea o no que tenga esquema de vacunaci\u00f3n completo.<\/p><p>2. Quien haya tenido contacto estrecho con paciente positivo y no haya desarrollado s\u00edntomas, pero no tenga el esquema de vacunaci\u00f3n completo.<\/p><p>En ambos casos la persona debe hacerse una prueba de ant\u00edgeno el quinto d\u00eda, si sale negativo puede regresar a su puesto de trabajo.<\/p><p>En el caso de personas con prueba de COVID-19 positiva deber\u00e1n:<\/p><p>1. Permanecer en aislamiento por 7 d\u00edas.<\/p><p>2. Se deber\u00e1 realizar prueba de ant\u00edgeno al 5 d\u00eda. Si el resultado es negativo, puede reincorporarse al trabajo, si el resultado es positivo debe mantenerse en aislamiento y repetir la prueba al s\u00e9ptimo<\/p><p>&nbsp;d\u00eda.<\/p><p>3. Si el resultado es negativo al s\u00e9ptimo d\u00eda debe reincorporarse a sus labores, si es positivo se prolonga el aislamiento hasta el d\u00e9cimo d\u00eda<\/p><p>Pero \u00bfc\u00f3mo manejar este periodo de cuarentena? MITRADEL ha planteado algunas alternativas a la que el trabajador que resultase contacto estrecho podr\u00eda acogerse, previo acuerdo con su empleador:<\/p><p>\u00b7&nbsp; &nbsp; &nbsp; &nbsp; Fondo de incapacidad<\/p><p>\u00b7&nbsp; &nbsp; &nbsp; &nbsp; Adelanto de las vacaciones;<\/p><p>\u00b7&nbsp; &nbsp; &nbsp; &nbsp; Teletrabajo;<\/p><p>En cuanto al fondo de incapacidad, que probablemente es la opci\u00f3n m\u00e1s utilizada, cabe recordar que el C\u00f3digo de Trabajo en su art\u00edculo 200 y algunos otros, establece que el periodo de incapacidad es de 18 d\u00edas al a\u00f1o, es decir un d\u00eda y medio por cada mes laborado.&nbsp; &nbsp; Para que el trabajador tenga la disponibilidad de los 5 d\u00edas de incapacidad, debe haber laborado aproximadamente 3 meses y medio, y no haber utilizado incapacidad previamente.&nbsp; Cualquier tiempo adicional a lo que el C\u00f3digo establece, se deber\u00e1 tramitar como riesgo por enfermedad, al que solo tienen derecho aquellos asegurados que han agotado el fondo de Incapacidad y tramitarlo directamente ante la Caja de Seguro Social.<\/p><p>\u00bfConoces cu\u00e1les son todas las obligaciones legales y fiscales de tu negocio? Sabemos que puede ser abrumador, por eso estamos aqu\u00ed para apoyarte, cont\u00e1ctanos y te asesoramos para evitar que seas sujeto a sanciones. hola@velo-legal.com&nbsp;<\/p>","protected":false},"excerpt":{"rendered":"<p>Opciones para manejar la ausencia laboral&hellip;<\/p>","protected":false},"author":1,"featured_media":11100,"comment_status":"open","ping_status":"open","sticky":false,"template":"","format":"standard","meta":{"footnotes":""},"categories":[82],"tags":[],"class_list":["post-11099","post","type-post","status-publish","format-standard","has-post-thumbnail","hentry","category-derecho-laboral"],"yoast_head":"<!-- This site is optimized with the Yoast SEO plugin v28.4 - https:\/\/yoast.com\/product\/yoast-seo-wordpress\/ -->\n<title>Manejo de ausencia laboral en casos de cuarentena - Velo Legal<\/title>\n<meta name=\"description\" content=\"Opciones para manejar la ausencia laboral en los casos de cuarentena por contacto estrechoTe recordamos que el contacto estrecho comunitario es el\" \/>\n<meta name=\"robots\" content=\"noindex, nofollow\" \/>\n<meta property=\"og:locale\" content=\"en_US\" \/>\n<meta property=\"og:type\" content=\"article\" \/>\n<meta property=\"og:title\" content=\"Manejo de ausencia laboral en casos de cuarentena - Velo Legal\" \/>\n<meta property=\"og:description\" content=\"Opciones para manejar la ausencia laboral en los casos de cuarentena por contacto estrechoTe recordamos que el contacto estrecho comunitario es el\" \/>\n<meta property=\"og:url\" content=\"https:\/\/velo-legal.com\/en\/blog\/opciones-para-manejar-la-ausencia-laboral-en-los-casos-de-cuarentena-por-contacto-estrecho\/\" \/>\n<meta property=\"og:site_name\" content=\"Velo Legal\" \/>\n<meta property=\"article:published_time\" content=\"2026-01-13T09:50:27+00:00\" \/>\n<meta property=\"og:image\" content=\"https:\/\/velo-legal.com\/wp-content\/uploads\/2026\/01\/9kkNkOdVaeOxWIkGTqob3Ak6MA.png\" \/>\n\t<meta property=\"og:image:width\" content=\"578\" \/>\n\t<meta property=\"og:image:height\" content=\"386\" \/>\n\t<meta property=\"og:image:type\" content=\"image\/png\" \/>\n<meta name=\"author\" content=\"gonzalo\" \/>\n<meta name=\"twitter:card\" content=\"summary_large_image\" \/>\n<meta name=\"twitter:label1\" content=\"Written by\" \/>\n\t<meta name=\"twitter:data1\" content=\"gonzalo\" \/>\n\t<meta name=\"twitter:label2\" content=\"Est. reading time\" \/>\n\t<meta name=\"twitter:data2\" content=\"2 minutes\" \/>\n<script type=\"application\/ld+json\" class=\"yoast-schema-graph\">{\"@context\":\"https:\\\/\\\/schema.org\",\"@graph\":[{\"@type\":\"Article\",\"@id\":\"https:\\\/\\\/velo-legal.com\\\/blog\\\/opciones-para-manejar-la-ausencia-laboral-en-los-casos-de-cuarentena-por-contacto-estrecho\\\/#article\",\"isPartOf\":{\"@id\":\"https:\\\/\\\/velo-legal.com\\\/blog\\\/opciones-para-manejar-la-ausencia-laboral-en-los-casos-de-cuarentena-por-contacto-estrecho\\\/\"},\"author\":{\"name\":\"gonzalo\",\"@id\":\"https:\\\/\\\/velo-legal.com\\\/#\\\/schema\\\/person\\\/1cda78a69446bdb299acd3f1cdbb9aa2\"},\"headline\":\"Manejo de ausencia laboral en casos de cuarentena\",\"datePublished\":\"2026-01-13T09:50:27+00:00\",\"mainEntityOfPage\":{\"@id\":\"https:\\\/\\\/velo-legal.com\\\/blog\\\/opciones-para-manejar-la-ausencia-laboral-en-los-casos-de-cuarentena-por-contacto-estrecho\\\/\"},\"wordCount\":445,\"commentCount\":0,\"publisher\":{\"@id\":\"https:\\\/\\\/velo-legal.com\\\/#organization\"},\"image\":{\"@id\":\"https:\\\/\\\/velo-legal.com\\\/blog\\\/opciones-para-manejar-la-ausencia-laboral-en-los-casos-de-cuarentena-por-contacto-estrecho\\\/#primaryimage\"},\"thumbnailUrl\":\"https:\\\/\\\/velo-legal.com\\\/wp-content\\\/uploads\\\/2026\\\/01\\\/9kkNkOdVaeOxWIkGTqob3Ak6MA.png\",\"articleSection\":[\"Derecho Laboral\"],\"inLanguage\":\"en-US\",\"potentialAction\":[{\"@type\":\"CommentAction\",\"name\":\"Comment\",\"target\":[\"https:\\\/\\\/velo-legal.com\\\/blog\\\/opciones-para-manejar-la-ausencia-laboral-en-los-casos-de-cuarentena-por-contacto-estrecho\\\/#respond\"]}]},{\"@type\":\"WebPage\",\"@id\":\"https:\\\/\\\/velo-legal.com\\\/blog\\\/opciones-para-manejar-la-ausencia-laboral-en-los-casos-de-cuarentena-por-contacto-estrecho\\\/\",\"url\":\"https:\\\/\\\/velo-legal.com\\\/blog\\\/opciones-para-manejar-la-ausencia-laboral-en-los-casos-de-cuarentena-por-contacto-estrecho\\\/\",\"name\":\"Manejo de ausencia laboral en casos de cuarentena - Velo Legal\",\"isPartOf\":{\"@id\":\"https:\\\/\\\/velo-legal.com\\\/#website\"},\"primaryImageOfPage\":{\"@id\":\"https:\\\/\\\/velo-legal.com\\\/blog\\\/opciones-para-manejar-la-ausencia-laboral-en-los-casos-de-cuarentena-por-contacto-estrecho\\\/#primaryimage\"},\"image\":{\"@id\":\"https:\\\/\\\/velo-legal.com\\\/blog\\\/opciones-para-manejar-la-ausencia-laboral-en-los-casos-de-cuarentena-por-contacto-estrecho\\\/#primaryimage\"},\"thumbnailUrl\":\"https:\\\/\\\/velo-legal.com\\\/wp-content\\\/uploads\\\/2026\\\/01\\\/9kkNkOdVaeOxWIkGTqob3Ak6MA.png\",\"datePublished\":\"2026-01-13T09:50:27+00:00\",\"description\":\"Opciones para manejar la ausencia laboral en los casos de cuarentena por contacto estrechoTe recordamos que el contacto estrecho comunitario es el\",\"breadcrumb\":{\"@id\":\"https:\\\/\\\/velo-legal.com\\\/blog\\\/opciones-para-manejar-la-ausencia-laboral-en-los-casos-de-cuarentena-por-contacto-estrecho\\\/#breadcrumb\"},\"inLanguage\":\"en-US\",\"potentialAction\":[{\"@type\":\"ReadAction\",\"target\":[\"https:\\\/\\\/velo-legal.com\\\/blog\\\/opciones-para-manejar-la-ausencia-laboral-en-los-casos-de-cuarentena-por-contacto-estrecho\\\/\"]}]},{\"@type\":\"ImageObject\",\"inLanguage\":\"en-US\",\"@id\":\"https:\\\/\\\/velo-legal.com\\\/blog\\\/opciones-para-manejar-la-ausencia-laboral-en-los-casos-de-cuarentena-por-contacto-estrecho\\\/#primaryimage\",\"url\":\"https:\\\/\\\/velo-legal.com\\\/wp-content\\\/uploads\\\/2026\\\/01\\\/9kkNkOdVaeOxWIkGTqob3Ak6MA.png\",\"contentUrl\":\"https:\\\/\\\/velo-legal.com\\\/wp-content\\\/uploads\\\/2026\\\/01\\\/9kkNkOdVaeOxWIkGTqob3Ak6MA.png\",\"width\":578,\"height\":386},{\"@type\":\"BreadcrumbList\",\"@id\":\"https:\\\/\\\/velo-legal.com\\\/blog\\\/opciones-para-manejar-la-ausencia-laboral-en-los-casos-de-cuarentena-por-contacto-estrecho\\\/#breadcrumb\",\"itemListElement\":[{\"@type\":\"ListItem\",\"position\":1,\"name\":\"Portada\",\"item\":\"https:\\\/\\\/velo-legal.com\\\/\"},{\"@type\":\"ListItem\",\"position\":2,\"name\":\"Manejo de ausencia laboral en casos de cuarentena\"}]},{\"@type\":\"WebSite\",\"@id\":\"https:\\\/\\\/velo-legal.com\\\/#website\",\"url\":\"https:\\\/\\\/velo-legal.com\\\/\",\"name\":\"Velo Legal\",\"description\":\"Abogados\",\"publisher\":{\"@id\":\"https:\\\/\\\/velo-legal.com\\\/#organization\"},\"potentialAction\":[{\"@type\":\"SearchAction\",\"target\":{\"@type\":\"EntryPoint\",\"urlTemplate\":\"https:\\\/\\\/velo-legal.com\\\/?s={search_term_string}\"},\"query-input\":{\"@type\":\"PropertyValueSpecification\",\"valueRequired\":true,\"valueName\":\"search_term_string\"}}],\"inLanguage\":\"en-US\"},{\"@type\":\"Organization\",\"@id\":\"https:\\\/\\\/velo-legal.com\\\/#organization\",\"name\":\"%%sitename%%\",\"url\":\"https:\\\/\\\/velo-legal.com\\\/\",\"logo\":{\"@type\":\"ImageObject\",\"inLanguage\":\"en-US\",\"@id\":\"https:\\\/\\\/velo-legal.com\\\/#\\\/schema\\\/logo\\\/image\\\/\",\"url\":\"https:\\\/\\\/velo-legal.com\\\/wp-content\\\/uploads\\\/2025\\\/11\\\/cropped-Velo_Logotipo3_rgb-1.png\",\"contentUrl\":\"https:\\\/\\\/velo-legal.com\\\/wp-content\\\/uploads\\\/2025\\\/11\\\/cropped-Velo_Logotipo3_rgb-1.png\",\"width\":512,\"height\":512,\"caption\":\"%%sitename%%\"},\"image\":{\"@id\":\"https:\\\/\\\/velo-legal.com\\\/#\\\/schema\\\/logo\\\/image\\\/\"}},{\"@type\":\"Person\",\"@id\":\"https:\\\/\\\/velo-legal.com\\\/#\\\/schema\\\/person\\\/1cda78a69446bdb299acd3f1cdbb9aa2\",\"name\":\"gonzalo\",\"image\":{\"@type\":\"ImageObject\",\"inLanguage\":\"en-US\",\"@id\":\"https:\\\/\\\/secure.gravatar.com\\\/avatar\\\/54d3209800fe97a1e5c0b6f2947cd8e593a90be9e5c8f3c352990af0c67c6c7d?s=96&d=mm&r=g\",\"url\":\"https:\\\/\\\/secure.gravatar.com\\\/avatar\\\/54d3209800fe97a1e5c0b6f2947cd8e593a90be9e5c8f3c352990af0c67c6c7d?s=96&d=mm&r=g\",\"contentUrl\":\"https:\\\/\\\/secure.gravatar.com\\\/avatar\\\/54d3209800fe97a1e5c0b6f2947cd8e593a90be9e5c8f3c352990af0c67c6c7d?s=96&d=mm&r=g\",\"caption\":\"gonzalo\"},\"sameAs\":[\"https:\\\/\\\/velo-legal.com\"],\"url\":\"https:\\\/\\\/velo-legal.com\\\/en\\\/blog\\\/author\\\/gonzalo\\\/\"}]}<\/script>\n<!-- \/ Yoast SEO plugin. -->","yoast_head_json":{"title":"Manejo de ausencia laboral en casos de cuarentena - Velo Legal","description":"Opciones para manejar la ausencia laboral en los casos de cuarentena por contacto estrechoTe recordamos que el contacto estrecho comunitario es el","robots":{"index":"noindex","follow":"nofollow"},"og_locale":"en_US","og_type":"article","og_title":"Manejo de ausencia laboral en casos de cuarentena - Velo Legal","og_description":"Opciones para manejar la ausencia laboral en los casos de cuarentena por contacto estrechoTe recordamos que el contacto estrecho comunitario es el","og_url":"https:\/\/velo-legal.com\/en\/blog\/opciones-para-manejar-la-ausencia-laboral-en-los-casos-de-cuarentena-por-contacto-estrecho\/","og_site_name":"Velo Legal","article_published_time":"2026-01-13T09:50:27+00:00","og_image":[{"width":578,"height":386,"url":"https:\/\/velo-legal.com\/wp-content\/uploads\/2026\/01\/9kkNkOdVaeOxWIkGTqob3Ak6MA.png","type":"image\/png"}],"author":"gonzalo","twitter_card":"summary_large_image","twitter_misc":{"Written by":"gonzalo","Est. reading time":"2 minutes"},"schema":{"@context":"https:\/\/schema.org","@graph":[{"@type":"Article","@id":"https:\/\/velo-legal.com\/blog\/opciones-para-manejar-la-ausencia-laboral-en-los-casos-de-cuarentena-por-contacto-estrecho\/#article","isPartOf":{"@id":"https:\/\/velo-legal.com\/blog\/opciones-para-manejar-la-ausencia-laboral-en-los-casos-de-cuarentena-por-contacto-estrecho\/"},"author":{"name":"gonzalo","@id":"https:\/\/velo-legal.com\/#\/schema\/person\/1cda78a69446bdb299acd3f1cdbb9aa2"},"headline":"Manejo de ausencia laboral en casos de cuarentena","datePublished":"2026-01-13T09:50:27+00:00","mainEntityOfPage":{"@id":"https:\/\/velo-legal.com\/blog\/opciones-para-manejar-la-ausencia-laboral-en-los-casos-de-cuarentena-por-contacto-estrecho\/"},"wordCount":445,"commentCount":0,"publisher":{"@id":"https:\/\/velo-legal.com\/#organization"},"image":{"@id":"https:\/\/velo-legal.com\/blog\/opciones-para-manejar-la-ausencia-laboral-en-los-casos-de-cuarentena-por-contacto-estrecho\/#primaryimage"},"thumbnailUrl":"https:\/\/velo-legal.com\/wp-content\/uploads\/2026\/01\/9kkNkOdVaeOxWIkGTqob3Ak6MA.png","articleSection":["Derecho Laboral"],"inLanguage":"en-US","potentialAction":[{"@type":"CommentAction","name":"Comment","target":["https:\/\/velo-legal.com\/blog\/opciones-para-manejar-la-ausencia-laboral-en-los-casos-de-cuarentena-por-contacto-estrecho\/#respond"]}]},{"@type":"WebPage","@id":"https:\/\/velo-legal.com\/blog\/opciones-para-manejar-la-ausencia-laboral-en-los-casos-de-cuarentena-por-contacto-estrecho\/","url":"https:\/\/velo-legal.com\/blog\/opciones-para-manejar-la-ausencia-laboral-en-los-casos-de-cuarentena-por-contacto-estrecho\/","name":"Manejo de ausencia laboral en casos de cuarentena - Velo Legal","isPartOf":{"@id":"https:\/\/velo-legal.com\/#website"},"primaryImageOfPage":{"@id":"https:\/\/velo-legal.com\/blog\/opciones-para-manejar-la-ausencia-laboral-en-los-casos-de-cuarentena-por-contacto-estrecho\/#primaryimage"},"image":{"@id":"https:\/\/velo-legal.com\/blog\/opciones-para-manejar-la-ausencia-laboral-en-los-casos-de-cuarentena-por-contacto-estrecho\/#primaryimage"},"thumbnailUrl":"https:\/\/velo-legal.com\/wp-content\/uploads\/2026\/01\/9kkNkOdVaeOxWIkGTqob3Ak6MA.png","datePublished":"2026-01-13T09:50:27+00:00","description":"Opciones para manejar la ausencia laboral en los casos de cuarentena por contacto estrechoTe recordamos que el contacto estrecho comunitario es el","breadcrumb":{"@id":"https:\/\/velo-legal.com\/blog\/opciones-para-manejar-la-ausencia-laboral-en-los-casos-de-cuarentena-por-contacto-estrecho\/#breadcrumb"},"inLanguage":"en-US","potentialAction":[{"@type":"ReadAction","target":["https:\/\/velo-legal.com\/blog\/opciones-para-manejar-la-ausencia-laboral-en-los-casos-de-cuarentena-por-contacto-estrecho\/"]}]},{"@type":"ImageObject","inLanguage":"en-US","@id":"https:\/\/velo-legal.com\/blog\/opciones-para-manejar-la-ausencia-laboral-en-los-casos-de-cuarentena-por-contacto-estrecho\/#primaryimage","url":"https:\/\/velo-legal.com\/wp-content\/uploads\/2026\/01\/9kkNkOdVaeOxWIkGTqob3Ak6MA.png","contentUrl":"https:\/\/velo-legal.com\/wp-content\/uploads\/2026\/01\/9kkNkOdVaeOxWIkGTqob3Ak6MA.png","width":578,"height":386},{"@type":"BreadcrumbList","@id":"https:\/\/velo-legal.com\/blog\/opciones-para-manejar-la-ausencia-laboral-en-los-casos-de-cuarentena-por-contacto-estrecho\/#breadcrumb","itemListElement":[{"@type":"ListItem","position":1,"name":"Portada","item":"https:\/\/velo-legal.com\/"},{"@type":"ListItem","position":2,"name":"Manejo de ausencia laboral en casos de cuarentena"}]},{"@type":"WebSite","@id":"https:\/\/velo-legal.com\/#website","url":"https:\/\/velo-legal.com\/","name":"Velo Legal","description":"Abogados","publisher":{"@id":"https:\/\/velo-legal.com\/#organization"},"potentialAction":[{"@type":"SearchAction","target":{"@type":"EntryPoint","urlTemplate":"https:\/\/velo-legal.com\/?s={search_term_string}"},"query-input":{"@type":"PropertyValueSpecification","valueRequired":true,"valueName":"search_term_string"}}],"inLanguage":"en-US"},{"@type":"Organization","@id":"https:\/\/velo-legal.com\/#organization","name":"%%sitename%%","url":"https:\/\/velo-legal.com\/","logo":{"@type":"ImageObject","inLanguage":"en-US","@id":"https:\/\/velo-legal.com\/#\/schema\/logo\/image\/","url":"https:\/\/velo-legal.com\/wp-content\/uploads\/2025\/11\/cropped-Velo_Logotipo3_rgb-1.png","contentUrl":"https:\/\/velo-legal.com\/wp-content\/uploads\/2025\/11\/cropped-Velo_Logotipo3_rgb-1.png","width":512,"height":512,"caption":"%%sitename%%"},"image":{"@id":"https:\/\/velo-legal.com\/#\/schema\/logo\/image\/"}},{"@type":"Person","@id":"https:\/\/velo-legal.com\/#\/schema\/person\/1cda78a69446bdb299acd3f1cdbb9aa2","name":"gonzalo","image":{"@type":"ImageObject","inLanguage":"en-US","@id":"https:\/\/secure.gravatar.com\/avatar\/54d3209800fe97a1e5c0b6f2947cd8e593a90be9e5c8f3c352990af0c67c6c7d?s=96&d=mm&r=g","url":"https:\/\/secure.gravatar.com\/avatar\/54d3209800fe97a1e5c0b6f2947cd8e593a90be9e5c8f3c352990af0c67c6c7d?s=96&d=mm&r=g","contentUrl":"https:\/\/secure.gravatar.com\/avatar\/54d3209800fe97a1e5c0b6f2947cd8e593a90be9e5c8f3c352990af0c67c6c7d?s=96&d=mm&r=g","caption":"gonzalo"},"sameAs":["https:\/\/velo-legal.com"],"url":"https:\/\/velo-legal.com\/en\/blog\/author\/gonzalo\/"}]}},"_links":{"self":[{"href":"https:\/\/velo-legal.com\/en\/wp-json\/wp\/v2\/posts\/11099","targetHints":{"allow":["GET"]}}],"collection":[{"href":"https:\/\/velo-legal.com\/en\/wp-json\/wp\/v2\/posts"}],"about":[{"href":"https:\/\/velo-legal.com\/en\/wp-json\/wp\/v2\/types\/post"}],"author":[{"embeddable":true,"href":"https:\/\/velo-legal.com\/en\/wp-json\/wp\/v2\/users\/1"}],"replies":[{"embeddable":true,"href":"https:\/\/velo-legal.com\/en\/wp-json\/wp\/v2\/comments?post=11099"}],"version-history":[{"count":0,"href":"https:\/\/velo-legal.com\/en\/wp-json\/wp\/v2\/posts\/11099\/revisions"}],"wp:featuredmedia":[{"embeddable":true,"href":"https:\/\/velo-legal.com\/en\/wp-json\/wp\/v2\/media\/11100"}],"wp:attachment":[{"href":"https:\/\/velo-legal.com\/en\/wp-json\/wp\/v2\/media?parent=11099"}],"wp:term":[{"taxonomy":"category","embeddable":true,"href":"https:\/\/velo-legal.com\/en\/wp-json\/wp\/v2\/categories?post=11099"},{"taxonomy":"post_tag","embeddable":true,"href":"https:\/\/velo-legal.com\/en\/wp-json\/wp\/v2\/tags?post=11099"}],"curies":[{"name":"wp","href":"https:\/\/api.w.org\/{rel}","templated":true}]}}